{"id":1043,"date":"2015-04-01T13:27:43","date_gmt":"2015-04-01T13:27:43","guid":{"rendered":"http:\/\/ssskskola.edu.ba\/?p=1043"},"modified":"2015-04-01T13:27:43","modified_gmt":"2015-04-01T13:27:43","slug":"cestitka-za-uskrs-2015-godine","status":"publish","type":"post","link":"https:\/\/ssskskola.edu.ba\/?p=1043","title":{"rendered":"\u010cESTITKA ZA USKRS 2015. GODINE"},"content":{"rendered":"<p><a href=\"https:\/\/ssskskola.edu.ba\/wp-content\/uploads\/2015\/04\/Sretan-Uskrs.jpg\"><img fetchpriority=\"high\" decoding=\"async\" class=\" size-medium wp-image-1044 alignleft\" src=\"https:\/\/ssskskola.edu.ba\/wp-content\/uploads\/2015\/04\/Sretan-Uskrs-300x225.jpg\" alt=\"Sretan-Uskrs\" width=\"300\" height=\"225\" \/><\/a>&#8220;<strong>U nedjelju, 05. aprila katolici \u0161irom svijeta obilje\u017eavaju svoj najve\u0107i praznik &#8211; Uskrs.<\/strong><\/p>\n<p><strong>Koristimo se prilikom da svim u\u010denicima, njihovim roditeljima i uposlenicima u odgojno-obrazovnim ustanovama na podru\u010dju Kantona Sarajevo, pripadnicima katoli\u010dke vjeroispovijesti, \u010destitamo nastupaju\u0107i Uskrs i po\u017eelimo dobro zdravlje, porodi\u010dnu sre\u0107u i dalji uspjeh u radu.<\/strong><\/p>\n<p><strong>Posje\u0107amo da je u skladu sa \u0161kolskim kalendarom za 2014\/2015. godinu, u petak, 03.04.2015. godine u svim osnovnim i srednjim \u0161kolama na podru\u010dju Kantona Sarajevo nenastavni i neradni dan.<\/strong>&#8221;<\/p>\n<p>&#8230;.stoji u \u010destitci Ministarstva za obrazovanje, nauku i mlade Kantona Sarajevo.<\/p>\n<p>Pridru\u017eujemo se \u010destitkama i svim na\u0161im u\u010denicima, njihovim roditeljima i uposlenicima \u0160kole, katoli\u010dke vjeroispovijesti \u010destitamo nastupaju\u0107i praznik.<\/p>\n<p>UPRAVA \u0160KOLE!<\/p>\n","protected":false},"excerpt":{"rendered":"<p>&#8220;U nedjelju, 05. aprila katolici \u0161irom svijeta obilje\u017eavaju svoj najve\u0107i praznik &#8211; Uskrs. Koristimo se prilikom da svim u\u010denicima, njihovim roditeljima i uposlenicima u odgojno-obrazovnim ustanovama na podru\u010dju Kantona Sarajevo, pripadnicima katoli\u010dke vjeroispovijesti, \u010destitamo&#46;&#46;&#46;<\/p>\n","protected":false},"author":1,"featured_media":1044,"comment_status":"closed","ping_status":"closed","sticky":false,"template":"","format":"standard","meta":{"_jetpack_memberships_contains_paid_content":false,"footnotes":"","jetpack_publicize_message":"","jetpack_publicize_feature_enabled":true,"jetpack_social_post_already_shared":false,"jetpack_social_options":{"image_generator_settings":{"template":"highway","default_image_id":0,"font":"","enabled":false},"version":2}},"categories":[2,1],"tags":[],"class_list":["post-1043","post","type-post","status-publish","format-standard","has-post-thumbnail","hentry","category-aktualnosti","category-uncategorized"],"jetpack_publicize_connections":[],"jetpack_featured_media_url":"","jetpack_sharing_enabled":true,"_links":{"self":[{"href":"https:\/\/ssskskola.edu.ba\/index.php?rest_route=\/wp\/v2\/posts\/1043","targetHints":{"allow":["GET"]}}],"collection":[{"href":"https:\/\/ssskskola.edu.ba\/index.php?rest_route=\/wp\/v2\/posts"}],"about":[{"href":"https:\/\/ssskskola.edu.ba\/index.php?rest_route=\/wp\/v2\/types\/post"}],"author":[{"embeddable":true,"href":"https:\/\/ssskskola.edu.ba\/index.php?rest_route=\/wp\/v2\/users\/1"}],"replies":[{"embeddable":true,"href":"https:\/\/ssskskola.edu.ba\/index.php?rest_route=%2Fwp%2Fv2%2Fcomments&post=1043"}],"version-history":[{"count":0,"href":"https:\/\/ssskskola.edu.ba\/index.php?rest_route=\/wp\/v2\/posts\/1043\/revisions"}],"wp:featuredmedia":[{"embeddable":true,"href":"https:\/\/ssskskola.edu.ba\/index.php?rest_route=\/"}],"wp:attachment":[{"href":"https:\/\/ssskskola.edu.ba\/index.php?rest_route=%2Fwp%2Fv2%2Fmedia&parent=1043"}],"wp:term":[{"taxonomy":"category","embeddable":true,"href":"https:\/\/ssskskola.edu.ba\/index.php?rest_route=%2Fwp%2Fv2%2Fcategories&post=1043"},{"taxonomy":"post_tag","embeddable":true,"href":"https:\/\/ssskskola.edu.ba\/index.php?rest_route=%2Fwp%2Fv2%2Ftags&post=1043"}],"curies":[{"name":"wp","href":"https:\/\/api.w.org\/{rel}","templated":true}]}}