{"id":10892,"date":"2025-09-30T18:00:56","date_gmt":"2025-09-30T17:00:56","guid":{"rendered":"https:\/\/ssskskola.edu.ba\/?p=10892"},"modified":"2025-09-30T18:00:56","modified_gmt":"2025-09-30T17:00:56","slug":"sajam-sekcija-u-nasoj-skoli","status":"publish","type":"post","link":"https:\/\/ssskskola.edu.ba\/?p=10892","title":{"rendered":"Sajam sekcija u na\u0161oj \u0161koli"},"content":{"rendered":"<div class=\"wp-block-image\">\n<figure class=\"aligncenter size-large\"><img fetchpriority=\"high\" decoding=\"async\" width=\"1024\" height=\"576\" src=\"https:\/\/ssskskola.edu.ba\/wp-content\/uploads\/2025\/09\/fb_img_17592514366422185220108800966261-1024x576.jpg\" alt=\"\" class=\"wp-image-10890\" srcset=\"https:\/\/ssskskola.edu.ba\/wp-content\/uploads\/2025\/09\/fb_img_17592514366422185220108800966261-1024x576.jpg 1024w, https:\/\/ssskskola.edu.ba\/wp-content\/uploads\/2025\/09\/fb_img_17592514366422185220108800966261-300x169.jpg 300w, https:\/\/ssskskola.edu.ba\/wp-content\/uploads\/2025\/09\/fb_img_17592514366422185220108800966261-768x432.jpg 768w, https:\/\/ssskskola.edu.ba\/wp-content\/uploads\/2025\/09\/fb_img_17592514366422185220108800966261-1536x864.jpg 1536w, https:\/\/ssskskola.edu.ba\/wp-content\/uploads\/2025\/09\/fb_img_17592514366422185220108800966261.jpg 1920w\" sizes=\"(max-width: 1024px) 100vw, 1024px\" \/><\/figure>\n<\/div>\n\n\n<p>Danas, 30. septembra 2025. godine, u holu na\u0161e \u0161kole odr\u017ean je Sajam sekcija u periodu od 10:15 do 10:45 sati. Sajam je organizovan s ciljem da u\u010denicima predstavi razli\u010dite vannastavne aktivnosti i omogu\u0107i im da se prijave za sekcije prema vlastitim interesovanjima i talentima.<\/p>\n\n\n\n<p>Profesori i voditelji sekcija pripremili su svoje kutke u kojima su izlo\u017eili radove i ostvarene rezultate, \u010dime su u\u010denicima pribli\u017eili rad svake od sekcija i podstakli ih na aktivno u\u010de\u0161\u0107e.<\/p>\n\n\n\n<p>Ove godine u\u010denici su imali priliku da se prijave za sljede\u0107e sekcije:<\/p>\n\n\n\n<p>Korak po korak \u2013 prof. Alma \u0160o\u0161e<\/p>\n\n\n\n<p>Let\u2019s Talk English I \u2013 prof. Ne\u0111ma Avdi\u0107<\/p>\n\n\n\n<p>Let\u2019s Talk English II &#8211; prof. Melisa Meki\u0107<\/p>\n\n\n\n<p>Atletska sekcija \u2013 prof. Sead Sokolovi\u0107<\/p>\n\n\n\n<p>Nogometna sekcija \u2013 prof. Ferid Kadrovi\u0107<\/p>\n\n\n\n<p>Odbojka\u0161ka sekcija \u2013 prof. Omar Prnjavorac<\/p>\n\n\n\n<p>Historijska sekcija \u2013 prof. Azra Muji\u0107<\/p>\n\n\n\n<p>Civitas \u2013 prof. Igor Smiljani\u0107<\/p>\n\n\n\n<p>Klub fizi\u010dara \u2013 prof. Sadina Muzaferovi\u0107<\/p>\n\n\n\n<p>Mladi u saobra\u0107aju \u2013 prof. Amir Hod\u017ei\u0107<\/p>\n\n\n\n<p>Sekcija iz stru\u010dnih predmeta \u2013 zanimanje elektri\u010dara \u2013 prof. Sejo Begi\u0107<\/p>\n\n\n\n<p>Stoni tenis \u2013 prof. Amar Korjeni\u0107<\/p>\n\n\n\n<p>Likovna sekcija \u2013 prof. Arijana Junuzovi\u0107<\/p>\n\n\n\n<p>Sekcija budu\u0107ih majstora \u2013 Edin Mehi\u0107<\/p>\n\n\n\n<p>Prakti\u010dni radovi u radionici \u2013 prof. Eldin Bajrovi\u0107<\/p>\n\n\n\n<p>Mladi za volanom \u2013 prof. Mustafa Bala\u0161<\/p>\n\n\n\n<p>Veliko interesovanje u\u010denika pokazuje da su sekcije zna\u010dajan segment \u0161kolskog \u017eivota, jer pru\u017eaju priliku za razvoj kreativnosti, timskog duha i prakti\u010dnih znanja. Sajam je protekao u dinami\u010dnoj i pozitivnoj atmosferi, a u\u010denici su imali priliku da se upoznaju s vannastavnim aktivnostima koje na\u0161a \u0161kola nudi.<\/p>\n","protected":false},"excerpt":{"rendered":"<p>Danas, 30. septembra 2025. godine, u holu na\u0161e \u0161kole odr\u017ean je Sajam sekcija u periodu od 10:15 do 10:45 sati. Sajam je organizovan s ciljem da u\u010denicima predstavi razli\u010dite vannastavne aktivnosti i omogu\u0107i im&#46;&#46;&#46;<\/p>\n","protected":false},"author":1,"featured_media":10891,"comment_status":"closed","ping_status":"closed","sticky":false,"template":"","format":"standard","meta":{"_jetpack_memberships_contains_paid_content":false,"footnotes":"","jetpack_publicize_message":"","jetpack_publicize_feature_enabled":true,"jetpack_social_post_already_shared":true,"jetpack_social_options":{"image_generator_settings":{"template":"highway","default_image_id":0,"font":"","enabled":false},"version":2}},"categories":[2,11,13,1],"tags":[],"class_list":["post-10892","post","type-post","status-publish","format-standard","has-post-thumbnail","hentry","category-aktualnosti","category-red-nastava","category-sekcije","category-uncategorized"],"jetpack_publicize_connections":[],"jetpack_featured_media_url":"https:\/\/ssskskola.edu.ba\/wp-content\/uploads\/2025\/09\/FB_IMG_1759251436642.jpg","jetpack_sharing_enabled":true,"_links":{"self":[{"href":"https:\/\/ssskskola.edu.ba\/index.php?rest_route=\/wp\/v2\/posts\/10892","targetHints":{"allow":["GET"]}}],"collection":[{"href":"https:\/\/ssskskola.edu.ba\/index.php?rest_route=\/wp\/v2\/posts"}],"about":[{"href":"https:\/\/ssskskola.edu.ba\/index.php?rest_route=\/wp\/v2\/types\/post"}],"author":[{"embeddable":true,"href":"https:\/\/ssskskola.edu.ba\/index.php?rest_route=\/wp\/v2\/users\/1"}],"replies":[{"embeddable":true,"href":"https:\/\/ssskskola.edu.ba\/index.php?rest_route=%2Fwp%2Fv2%2Fcomments&post=10892"}],"version-history":[{"count":0,"href":"https:\/\/ssskskola.edu.ba\/index.php?rest_route=\/wp\/v2\/posts\/10892\/revisions"}],"wp:featuredmedia":[{"embeddable":true,"href":"https:\/\/ssskskola.edu.ba\/index.php?rest_route=\/wp\/v2\/media\/10891"}],"wp:attachment":[{"href":"https:\/\/ssskskola.edu.ba\/index.php?rest_route=%2Fwp%2Fv2%2Fmedia&parent=10892"}],"wp:term":[{"taxonomy":"category","embeddable":true,"href":"https:\/\/ssskskola.edu.ba\/index.php?rest_route=%2Fwp%2Fv2%2Fcategories&post=10892"},{"taxonomy":"post_tag","embeddable":true,"href":"https:\/\/ssskskola.edu.ba\/index.php?rest_route=%2Fwp%2Fv2%2Ftags&post=10892"}],"curies":[{"name":"wp","href":"https:\/\/api.w.org\/{rel}","templated":true}]}}