{"id":10969,"date":"2025-10-17T17:25:26","date_gmt":"2025-10-17T16:25:26","guid":{"rendered":"https:\/\/ssskskola.edu.ba\/?p=10969"},"modified":"2025-10-17T17:25:26","modified_gmt":"2025-10-17T16:25:26","slug":"posjeta-memorijalno-centru-srebrenica","status":"publish","type":"post","link":"https:\/\/ssskskola.edu.ba\/?p=10969","title":{"rendered":"Posjeta Memorijalno centru Srebrenica"},"content":{"rendered":"<div class=\"wp-block-image\">\n<figure class=\"aligncenter size-large\"><img fetchpriority=\"high\" decoding=\"async\" width=\"768\" height=\"1024\" src=\"https:\/\/ssskskola.edu.ba\/wp-content\/uploads\/2025\/10\/fb_img_1760718105284299402453125730169-768x1024.jpg\" alt=\"\" class=\"wp-image-10968\" srcset=\"https:\/\/ssskskola.edu.ba\/wp-content\/uploads\/2025\/10\/fb_img_1760718105284299402453125730169-768x1024.jpg 768w, https:\/\/ssskskola.edu.ba\/wp-content\/uploads\/2025\/10\/fb_img_1760718105284299402453125730169-225x300.jpg 225w, https:\/\/ssskskola.edu.ba\/wp-content\/uploads\/2025\/10\/fb_img_1760718105284299402453125730169-1152x1536.jpg 1152w, https:\/\/ssskskola.edu.ba\/wp-content\/uploads\/2025\/10\/fb_img_1760718105284299402453125730169.jpg 1500w\" sizes=\"(max-width: 768px) 100vw, 768px\" \/><\/figure>\n<\/div>\n\n\n<p>U\u010denici na\u0161e \u0161kole u posjeti Memorijalnom centru Srebrenica \u2013 Poto\u010dari<\/p>\n\n\n\n<p>Njegovanje kulture sje\u0107anja i po\u0161tovanja prema \u017ertvama<\/p>\n\n\n\n<p>U \u010detvrtak, 16. oktobra 2025. godine, u\u010denici drugih razreda Srednje \u0161kole za saobra\u0107aj i komunikacije imali su priliku posjetiti Memorijalni centar Srebrenica \u2013 Poto\u010dari. Posjeta je realizirana u okviru programa koji organizuje Ministarstvo za odgoj i obrazovanje Kantona Sarajevo, s ciljem da se u\u010denicima omogu\u0107i neposredno upoznavanje s va\u017enim dijelom novije historije Bosne i Hercegovine.<\/p>\n\n\n\n<p>Ova posjeta je bila posve\u0107ena razvijanju svijesti o zna\u010daju kulture sje\u0107anja, o\u010duvanju historijske istine, te njegovanju empatije, tolerancije i ljudskih vrijednosti me\u0111u mladima.<\/p>\n\n\n\n<p>Tokom boravka u Memorijalnom centru, u\u010denici su prisustvovali \u010dasovima historije i edukativnim izlaganjima koja su obuhvatila \u010dinjenice o genocidu u Srebrenici. Kroz obilazak izlo\u017ebi i arhivskih materijala, u\u010denici su mogli bolje razumjeti razmjere tragedije koja se dogodila u julu 1995. godine. Poseban utisak ostavio je dokumentarni film \u201cSrebrenica 1995: Jedna sedmica u julu\u201d, koji je emotivno i autenti\u010dno prikazao doga\u0111aje tog perioda.<\/p>\n\n\n\n<p>U mirnom i dostojanstvenom okru\u017eenju, u\u010denici i profesori su odali po\u010dast \u017ertvama genocida, polo\u017eili cvije\u0107e i prisjetili se njihovih \u017eivota. Ova posjeta bila je sna\u017ena lekcija iz historije i humanosti \u2013 podsjetnik da se zlo\u010dini ne smiju zaboraviti i da je odgovornost mladih generacija da \u010duvaju istinu i njeguju kulturu mira.<\/p>\n","protected":false},"excerpt":{"rendered":"<p>U\u010denici na\u0161e \u0161kole u posjeti Memorijalnom centru Srebrenica \u2013 Poto\u010dari Njegovanje kulture sje\u0107anja i po\u0161tovanja prema \u017ertvama U \u010detvrtak, 16. oktobra 2025. godine, u\u010denici drugih razreda Srednje \u0161kole za saobra\u0107aj i komunikacije imali su&#46;&#46;&#46;<\/p>\n","protected":false},"author":1,"featured_media":10968,"comment_status":"closed","ping_status":"closed","sticky":false,"template":"","format":"standard","meta":{"_jetpack_memberships_contains_paid_content":false,"footnotes":"","jetpack_publicize_message":"","jetpack_publicize_feature_enabled":true,"jetpack_social_post_already_shared":true,"jetpack_social_options":{"image_generator_settings":{"template":"highway","default_image_id":0,"font":"","enabled":false},"version":2}},"categories":[2,274,8,1],"tags":[],"class_list":["post-10969","post","type-post","status-publish","format-standard","has-post-thumbnail","hentry","category-aktualnosti","category-izleti-i-posjete","category-novosti1","category-uncategorized"],"jetpack_publicize_connections":[],"jetpack_featured_media_url":"https:\/\/ssskskola.edu.ba\/wp-content\/uploads\/2025\/10\/fb_img_1760718105284299402453125730169.jpg","jetpack_sharing_enabled":true,"_links":{"self":[{"href":"https:\/\/ssskskola.edu.ba\/index.php?rest_route=\/wp\/v2\/posts\/10969","targetHints":{"allow":["GET"]}}],"collection":[{"href":"https:\/\/ssskskola.edu.ba\/index.php?rest_route=\/wp\/v2\/posts"}],"about":[{"href":"https:\/\/ssskskola.edu.ba\/index.php?rest_route=\/wp\/v2\/types\/post"}],"author":[{"embeddable":true,"href":"https:\/\/ssskskola.edu.ba\/index.php?rest_route=\/wp\/v2\/users\/1"}],"replies":[{"embeddable":true,"href":"https:\/\/ssskskola.edu.ba\/index.php?rest_route=%2Fwp%2Fv2%2Fcomments&post=10969"}],"version-history":[{"count":0,"href":"https:\/\/ssskskola.edu.ba\/index.php?rest_route=\/wp\/v2\/posts\/10969\/revisions"}],"wp:featuredmedia":[{"embeddable":true,"href":"https:\/\/ssskskola.edu.ba\/index.php?rest_route=\/wp\/v2\/media\/10968"}],"wp:attachment":[{"href":"https:\/\/ssskskola.edu.ba\/index.php?rest_route=%2Fwp%2Fv2%2Fmedia&parent=10969"}],"wp:term":[{"taxonomy":"category","embeddable":true,"href":"https:\/\/ssskskola.edu.ba\/index.php?rest_route=%2Fwp%2Fv2%2Fcategories&post=10969"},{"taxonomy":"post_tag","embeddable":true,"href":"https:\/\/ssskskola.edu.ba\/index.php?rest_route=%2Fwp%2Fv2%2Ftags&post=10969"}],"curies":[{"name":"wp","href":"https:\/\/api.w.org\/{rel}","templated":true}]}}