{"id":11115,"date":"2025-11-17T18:02:09","date_gmt":"2025-11-17T17:02:09","guid":{"rendered":"https:\/\/ssskskola.edu.ba\/?p=11115"},"modified":"2025-11-18T18:31:37","modified_gmt":"2025-11-18T17:31:37","slug":"dan-srednjoskolaca","status":"publish","type":"post","link":"https:\/\/ssskskola.edu.ba\/?p=11115","title":{"rendered":"Dan srednjo\u0161kolaca"},"content":{"rendered":"<div class=\"wp-block-image\">\n<figure class=\"aligncenter size-large\"><img fetchpriority=\"high\" decoding=\"async\" width=\"1024\" height=\"768\" src=\"https:\/\/ssskskola.edu.ba\/wp-content\/uploads\/2025\/11\/585082855_1243859051096549_8308659197537826124_n-1024x768.jpg\" alt=\"\" class=\"wp-image-11116\" srcset=\"https:\/\/ssskskola.edu.ba\/wp-content\/uploads\/2025\/11\/585082855_1243859051096549_8308659197537826124_n-1024x768.jpg 1024w, https:\/\/ssskskola.edu.ba\/wp-content\/uploads\/2025\/11\/585082855_1243859051096549_8308659197537826124_n-300x225.jpg 300w, https:\/\/ssskskola.edu.ba\/wp-content\/uploads\/2025\/11\/585082855_1243859051096549_8308659197537826124_n-768x576.jpg 768w, https:\/\/ssskskola.edu.ba\/wp-content\/uploads\/2025\/11\/585082855_1243859051096549_8308659197537826124_n-1536x1152.jpg 1536w, https:\/\/ssskskola.edu.ba\/wp-content\/uploads\/2025\/11\/585082855_1243859051096549_8308659197537826124_n.jpg 1600w\" sizes=\"(max-width: 1024px) 100vw, 1024px\" \/><\/figure>\n<\/div>\n\n\n<p><a><\/a>Danas je predsjednica Vije\u0107a u\u010denika, Edina Hela\u0107, u sklopu treninga Vije\u0107a u\u010denika imala zadatak da okupi \u010dlanove vije\u0107a u crvenim majicama i zajedno s njima obilje\u017ei Dan srednjo\u0161kolaca.<\/p>\n\n\n\n<p>Zahvaljuju\u0107i odli\u010dnoj organizaciji i sna\u017enom timskom duhu, na\u0161i u\u010denici su na lijep i upe\u010datljiv na\u010din predstavili va\u017enost aktivnog u\u010de\u0161\u0107a mladih u \u0161kolskom \u017eivotu te zna\u010daj ja\u010danja u\u010deni\u010dkog glasa.<\/p>\n\n\n\n<p>Ponosni smo na njihove aktivnosti i posve\u0107enost!<\/p>\n\n\n<p><iframe src=\"https:\/\/www.facebook.com\/plugins\/post.php?href=https%3A%2F%2Fwww.facebook.com%2Fssskskolasarajevo%2Fposts%2Fpfbid02xXHkC6mCTDSUkcgoyVn3LFLdWtjxzYV2YgaGrHVuwV5erTfVzsiDfs77VAsCifTrl&#038;show_text=true&#038;width=500\" width=\"500\" height=\"773\" style=\"border:none;overflow:hidden\" scrolling=\"no\" frameborder=\"0\" allowfullscreen=\"true\" allow=\"autoplay; clipboard-write; encrypted-media; picture-in-picture; web-share\"><\/iframe><\/p>\n\n\n<p><iframe src=\"https:\/\/www.facebook.com\/plugins\/post.php?href=https%3A%2F%2Fwww.facebook.com%2Fssskskolasarajevo%2Fposts%2Fpfbid032RgYBTy6oZt9nUGhaJbirzPWqcjgXBX5vE5WfbqTbtUUX13pgtnwGLjxEZq7Mw5Jl&#038;show_text=true&#038;width=500\" width=\"500\" height=\"792\" style=\"border:none;overflow:hidden\" scrolling=\"no\" frameborder=\"0\" allowfullscreen=\"true\" allow=\"autoplay; clipboard-write; encrypted-media; picture-in-picture; web-share\"><\/iframe><\/p>\n","protected":false},"excerpt":{"rendered":"<p>Danas je predsjednica Vije\u0107a u\u010denika, Edina Hela\u0107, u sklopu treninga Vije\u0107a u\u010denika imala zadatak da okupi \u010dlanove vije\u0107a u crvenim majicama i zajedno s njima obilje\u017ei Dan srednjo\u0161kolaca. Zahvaljuju\u0107i odli\u010dnoj organizaciji i sna\u017enom timskom&#46;&#46;&#46;<\/p>\n","protected":false},"author":1,"featured_media":11116,"comment_status":"closed","ping_status":"closed","sticky":false,"template":"","format":"standard","meta":{"_jetpack_memberships_contains_paid_content":false,"footnotes":"","jetpack_publicize_message":"","jetpack_publicize_feature_enabled":true,"jetpack_social_post_already_shared":true,"jetpack_social_options":{"image_generator_settings":{"template":"highway","default_image_id":0,"font":"","enabled":false},"version":2}},"categories":[2,8,485,486,1],"tags":[510],"class_list":["post-11115","post","type-post","status-publish","format-standard","has-post-thumbnail","hentry","category-aktualnosti","category-novosti1","category-projekti_ucenici","category-projekti_skola","category-uncategorized","tag-medunarodni-dan-srednjoskolaca"],"jetpack_publicize_connections":[],"jetpack_featured_media_url":"https:\/\/ssskskola.edu.ba\/wp-content\/uploads\/2025\/11\/585082855_1243859051096549_8308659197537826124_n.jpg","jetpack_sharing_enabled":true,"_links":{"self":[{"href":"https:\/\/ssskskola.edu.ba\/index.php?rest_route=\/wp\/v2\/posts\/11115","targetHints":{"allow":["GET"]}}],"collection":[{"href":"https:\/\/ssskskola.edu.ba\/index.php?rest_route=\/wp\/v2\/posts"}],"about":[{"href":"https:\/\/ssskskola.edu.ba\/index.php?rest_route=\/wp\/v2\/types\/post"}],"author":[{"embeddable":true,"href":"https:\/\/ssskskola.edu.ba\/index.php?rest_route=\/wp\/v2\/users\/1"}],"replies":[{"embeddable":true,"href":"https:\/\/ssskskola.edu.ba\/index.php?rest_route=%2Fwp%2Fv2%2Fcomments&post=11115"}],"version-history":[{"count":2,"href":"https:\/\/ssskskola.edu.ba\/index.php?rest_route=\/wp\/v2\/posts\/11115\/revisions"}],"predecessor-version":[{"id":11118,"href":"https:\/\/ssskskola.edu.ba\/index.php?rest_route=\/wp\/v2\/posts\/11115\/revisions\/11118"}],"wp:featuredmedia":[{"embeddable":true,"href":"https:\/\/ssskskola.edu.ba\/index.php?rest_route=\/wp\/v2\/media\/11116"}],"wp:attachment":[{"href":"https:\/\/ssskskola.edu.ba\/index.php?rest_route=%2Fwp%2Fv2%2Fmedia&parent=11115"}],"wp:term":[{"taxonomy":"category","embeddable":true,"href":"https:\/\/ssskskola.edu.ba\/index.php?rest_route=%2Fwp%2Fv2%2Fcategories&post=11115"},{"taxonomy":"post_tag","embeddable":true,"href":"https:\/\/ssskskola.edu.ba\/index.php?rest_route=%2Fwp%2Fv2%2Ftags&post=11115"}],"curies":[{"name":"wp","href":"https:\/\/api.w.org\/{rel}","templated":true}]}}