{"id":11172,"date":"2025-12-01T08:10:00","date_gmt":"2025-12-01T07:10:00","guid":{"rendered":"https:\/\/ssskskola.edu.ba\/?p=11172"},"modified":"2025-11-28T22:12:04","modified_gmt":"2025-11-28T21:12:04","slug":"sarajevo-slavi-140-godina-javnog-prevoza","status":"publish","type":"post","link":"https:\/\/ssskskola.edu.ba\/?p=11172","title":{"rendered":"Sarajevo slavi 140 godina javnog prevoza"},"content":{"rendered":"<div class=\"wp-block-image\">\n<figure class=\"aligncenter size-large\"><img fetchpriority=\"high\" decoding=\"async\" width=\"1024\" height=\"768\" src=\"https:\/\/ssskskola.edu.ba\/wp-content\/uploads\/2025\/11\/590024748_1252383173577470_9148782132965195002_n-1024x768.jpg\" alt=\"\" class=\"wp-image-11173\" srcset=\"https:\/\/ssskskola.edu.ba\/wp-content\/uploads\/2025\/11\/590024748_1252383173577470_9148782132965195002_n-1024x768.jpg 1024w, https:\/\/ssskskola.edu.ba\/wp-content\/uploads\/2025\/11\/590024748_1252383173577470_9148782132965195002_n-300x225.jpg 300w, https:\/\/ssskskola.edu.ba\/wp-content\/uploads\/2025\/11\/590024748_1252383173577470_9148782132965195002_n-768x576.jpg 768w, https:\/\/ssskskola.edu.ba\/wp-content\/uploads\/2025\/11\/590024748_1252383173577470_9148782132965195002_n-1536x1152.jpg 1536w, https:\/\/ssskskola.edu.ba\/wp-content\/uploads\/2025\/11\/590024748_1252383173577470_9148782132965195002_n.jpg 1600w\" sizes=\"(max-width: 1024px) 100vw, 1024px\" \/><\/figure>\n<\/div>\n\n\n<p><a><\/a>Ministarstvo saobra\u0107aja Kantona Sarajevo danas je organizovalo obilje\u017eavanje izuzetno zna\u010dajnog jubileja \u2014 140 godina javnog prevoza u Sarajevu, jednog od najstarijih sistema javnog prevoza u Evropi.<\/p>\n\n\n\n<p>Doga\u0111aj je okupio predstavnike vlada, me\u0111unarodnih finansijskih institucija i brojnih gradova iz dr\u017eave i Evrope, s ciljem razmjene iskustava, prezentacije napretka Sarajeva u oblasti odr\u017eive urbane mobilnosti, razvoja infrastrukture i planova za budu\u0107e reforme javnog gradskog prevoza. U ime na\u0161e \u0161kole ovom zna\u010dajnom jubileju prisustvovale su pomo\u0107nica direktorice Enisa \u0110erzi\u0107 i profesorica Arnela Muji\u0107.<\/p>\n\n\n\n<p>Zahvaljujemo organizatoru na pozivu i \u010destitamo na uspje\u0161noj realizaciji obilje\u017eavanja ovako va\u017enog datuma kako za Sarajevo, tako i za Bosnu i Hercegovinu.<\/p>\n\n\n<p><iframe src=\"https:\/\/www.facebook.com\/plugins\/post.php?href=https%3A%2F%2Fwww.facebook.com%2Fssskskolasarajevo%2Fposts%2Fpfbid0a6w28gdPPFPXFBP744kn81ciJQDaYjiEw3tqS4VZXiDXnvPstqaYkAcdD8JzmpoZl&#038;show_text=true&#038;width=500\" width=\"500\" height=\"792\" style=\"border:none;overflow:hidden\" scrolling=\"no\" frameborder=\"0\" allowfullscreen=\"true\" allow=\"autoplay; clipboard-write; encrypted-media; picture-in-picture; web-share\"><\/iframe><\/p>\n","protected":false},"excerpt":{"rendered":"<p>Ministarstvo saobra\u0107aja Kantona Sarajevo danas je organizovalo obilje\u017eavanje izuzetno zna\u010dajnog jubileja \u2014 140 godina javnog prevoza u Sarajevu, jednog od najstarijih sistema javnog prevoza u Evropi. Doga\u0111aj je okupio predstavnike vlada, me\u0111unarodnih finansijskih institucija&#46;&#46;&#46;<\/p>\n","protected":false},"author":1,"featured_media":11173,"comment_status":"closed","ping_status":"closed","sticky":false,"template":"","format":"standard","meta":{"_jetpack_memberships_contains_paid_content":false,"footnotes":"","jetpack_publicize_message":"","jetpack_publicize_feature_enabled":true,"jetpack_social_post_already_shared":true,"jetpack_social_options":{"image_generator_settings":{"template":"highway","default_image_id":0,"font":"","enabled":false},"version":2}},"categories":[2,1],"tags":[],"class_list":["post-11172","post","type-post","status-publish","format-standard","has-post-thumbnail","hentry","category-aktualnosti","category-uncategorized"],"jetpack_publicize_connections":[],"jetpack_featured_media_url":"https:\/\/ssskskola.edu.ba\/wp-content\/uploads\/2025\/11\/590024748_1252383173577470_9148782132965195002_n.jpg","jetpack_sharing_enabled":true,"_links":{"self":[{"href":"https:\/\/ssskskola.edu.ba\/index.php?rest_route=\/wp\/v2\/posts\/11172","targetHints":{"allow":["GET"]}}],"collection":[{"href":"https:\/\/ssskskola.edu.ba\/index.php?rest_route=\/wp\/v2\/posts"}],"about":[{"href":"https:\/\/ssskskola.edu.ba\/index.php?rest_route=\/wp\/v2\/types\/post"}],"author":[{"embeddable":true,"href":"https:\/\/ssskskola.edu.ba\/index.php?rest_route=\/wp\/v2\/users\/1"}],"replies":[{"embeddable":true,"href":"https:\/\/ssskskola.edu.ba\/index.php?rest_route=%2Fwp%2Fv2%2Fcomments&post=11172"}],"version-history":[{"count":1,"href":"https:\/\/ssskskola.edu.ba\/index.php?rest_route=\/wp\/v2\/posts\/11172\/revisions"}],"predecessor-version":[{"id":11174,"href":"https:\/\/ssskskola.edu.ba\/index.php?rest_route=\/wp\/v2\/posts\/11172\/revisions\/11174"}],"wp:featuredmedia":[{"embeddable":true,"href":"https:\/\/ssskskola.edu.ba\/index.php?rest_route=\/wp\/v2\/media\/11173"}],"wp:attachment":[{"href":"https:\/\/ssskskola.edu.ba\/index.php?rest_route=%2Fwp%2Fv2%2Fmedia&parent=11172"}],"wp:term":[{"taxonomy":"category","embeddable":true,"href":"https:\/\/ssskskola.edu.ba\/index.php?rest_route=%2Fwp%2Fv2%2Fcategories&post=11172"},{"taxonomy":"post_tag","embeddable":true,"href":"https:\/\/ssskskola.edu.ba\/index.php?rest_route=%2Fwp%2Fv2%2Ftags&post=11172"}],"curies":[{"name":"wp","href":"https:\/\/api.w.org\/{rel}","templated":true}]}}