{"id":11364,"date":"2025-11-06T10:03:16","date_gmt":"2025-11-06T09:03:16","guid":{"rendered":"https:\/\/ssskskola.edu.ba\/?p=11364"},"modified":"2026-02-27T08:22:15","modified_gmt":"2026-02-27T07:22:15","slug":"vet-u-na-strucno-obrazovanje-ukljucivanje-razvoj-vjestina-i-osnazivanje-za-sve-v2v-idea","status":"publish","type":"post","link":"https:\/\/ssskskola.edu.ba\/?p=11364","title":{"rendered":"VET-u na stru\u010dno obrazovanje \u2013 Uklju\u010divanje, razvoj vje\u0161tina i osna\u017eivanje za sve (V2V-IDEA)"},"content":{"rendered":"<div class=\"wp-block-image\">\n<figure class=\"aligncenter size-full\"><img fetchpriority=\"high\" decoding=\"async\" width=\"900\" height=\"600\" src=\"https:\/\/ssskskola.edu.ba\/wp-content\/uploads\/2026\/02\/logo_idea-v2v.jpg\" alt=\"\" class=\"wp-image-11365\" srcset=\"https:\/\/ssskskola.edu.ba\/wp-content\/uploads\/2026\/02\/logo_idea-v2v.jpg 900w, https:\/\/ssskskola.edu.ba\/wp-content\/uploads\/2026\/02\/logo_idea-v2v-300x200.jpg 300w, https:\/\/ssskskola.edu.ba\/wp-content\/uploads\/2026\/02\/logo_idea-v2v-768x512.jpg 768w\" sizes=\"(max-width: 900px) 100vw, 900px\" \/><\/figure>\n<\/div>\n\n\n<ul class=\"wp-block-list\">\n<li>razdoblje trajanja: 3 GODINE (01\/01\/2026 &#8211; 31\/12\/2028)<\/li>\n\n\n\n<li>Prijedlog kod: GAP 101241886<\/li>\n<\/ul>\n\n\n\n<p><strong>VET to VET ET \u2013<\/strong> <strong>Uklju\u010den,<\/strong> <strong>razvoj<\/strong> <strong>vje\u0161tina i<\/strong> <strong>osna\u017eivanje<\/strong> <strong>za Al<\/strong> <strong>(V2V-IDEA)<\/strong> podr\u017eava razvoj uklju\u010divog i odr\u017eivog strukovnog obrazovanja i osposobljavanja na zapadnom Balkanu. Projekt odgovara potrebama nastavnika, ranjivih u\u010denika, u\u010denika s posebnim obrazovnim potrebama i NEET-ovima ja\u010danjem razvoja vje\u0161tina, profesionalni rast i pristup kvalitetnim mogu\u0107nostima u\u010denja.<\/p>\n\n\n\n<p>Kroz osposobljavanje nastavnika, inovativne modele u\u010denja, uklju\u010divu mobilnost i socijalno poduzetni\u0161tvo, V2V-IDEA ima za cilj pobolj\u0161ati zapo\u0161ljivost, socijalnu uklju\u010denost i aktivno sudjelovanje u dru\u0161tvu. Projektom se promi\u010de suradnja izme\u0111u partnera sa zapadne i EU Balkan, nude\u0107i programe osposobljavanja, razmjene i resurse za digitalno u\u010denje u potpori kontinuiranom stru\u010dnom razvoju.<\/p>\n\n\n\n<p>Projekt V2V-IDEA provodi transnacionalno partnerstvo <strong>koje uklju\u010duje Apro Fomazione<\/strong> (Italija) <strong>)<\/strong>kao koordinator, <strong>JU SM\u0160 Danilo Ki\u0161<\/strong> i <strong>JU Ireland za Centar<\/strong> (Crna Gora), <strong>Srednja \u0161kola za promet i komunikacije u Sarajevu<\/strong> (Bosnia-Herzegovina), <strong>SIC Ljubljana<\/strong> (Slovenija) <strong>Build Group<\/strong> i <strong>albanske vje\u0161tine<\/strong> (Albanija)<strong>) EfVET <\/strong><em>ombrello<\/em><\/p>\n\n\n\n<figure class=\"wp-block-image\"><img decoding=\"async\" src=\"https:\/\/international.aproformazione.it\/images\/loghi\/erasmus_new.jpg\" alt=\"Logotip EU-a\" title=\"Logotip EU-a\"\/><\/figure>\n\n\n\n<p><em>Projekt (GAP 101241886) sufinanciran je programom Erasmus + Europske unije. Me\u0111utim, izra\u017eena mi\u0161ljenja samo su mi\u0161ljenja autora i ne odra\u017eavaju nu\u017eno ona Europske unije ili Europske izvr\u0161ne agencije za obrazovanje i kulturu (EECA). Europska unija niti EACEA mogu se smatrati odgovornima<\/em><\/p>\n\n\n\n<p>Projekat V2V IDEA ima za cilj podsticanje holisti\u010dkog razvoja me\u0111u mladim ljudima, edukatorima i profesionalcima kroz unapre\u0111enje osnovnih \u017eivotnih i mekih vje\u0161tina, s fokusom na inkluziju, osna\u017eivanje i odr\u017eivost.<br>Projekat \u0107e se pozabaviti potrebama ranjivih grupa, kao \u0161to su NEET (osobe koje nisu u obrazovanju, zapo\u0161ljavanju ili obuci) i oni koji su u riziku od napu\u0161tanja \u0161kolovanja, promoviraju\u0107i transverzalne vje\u0161tine koje su klju\u010dne za uspjeh u modernom svijetu, uklju\u010duju\u0107i kriti\u010dko razmi\u0161ljanje, komunikaciju, saradnju i prilagodljivost.<br>Uklju\u010divanjem socijalnog poduzetni\u0161tva i odr\u017eivosti u nastavni plan i program, projekat \u0107e voditi u\u010desnike ka dru\u0161tveno odgovornim praksama i zelenim inicijativama.<br>Kroz posmatra\u010dke misije i studijske posjete zemljama Zapadnog Balkana (ZB), kao i profesionalne posjete EU, u\u010desnici \u0107e ste\u0107i neprocjenjiv uvid u najbolje prakse i globalne trendove, oboga\u0107uju\u0107i svoje u\u010denje i profesionalni rast.<br>Klju\u010dna karakteristika projekta bit \u0107e kreiranje sveobuhvatnog kataloga kurseva koji isti\u010de najbolje prakse u sveobuhvatnom razvoju vje\u0161tina i inkluziji. Nadalje, pru\u017eit \u0107e mogu\u0107nosti za mobilnost, gdje studenti, nastavnici i osoblje mogu razmjenjivati \u200b\u200bideje, iskusiti razli\u010dite obrazovne sisteme i oja\u010dati me\u0111unarodnu saradnju.<br>Projekat \u0107e organizovati takmi\u010denja u vje\u0161tinama u kojima \u0107e u\u010destvovati u\u010denici i nastavnici razli\u010ditih nivoa, gdje \u0107e u\u010desnici demonstrirati i vrednovati klju\u010dne kompetencije.<br>Mentorstvo i podr\u0161ka me\u0111u vr\u0161njacima bi\u0107e klju\u010dni za osiguranje dugoro\u010dnog uticaja, dok \u0107e sesije obuke, pra\u0107enje rada na poslu i majstorske radionice nuditi prilago\u0111ene mogu\u0107nosti za razvoj vje\u0161tina.<br>U skladu sa trenutnim obrazovnim potrebama, bi\u0107e razvijeni moduli obuke i Masovni otvoreni online kursevi (MOOC) o klju\u010dnim temama kao \u0161to su odr\u017eivo i dru\u0161tveno preduzetni\u0161tvo, upravljanje takmi\u010denjima u vje\u0161tinama i drugo. Ovi resursi \u0107e poslu\u017eiti kao vrijedan alat za kontinuirano obrazovanje i profesionalni razvoj, osiguravaju\u0107i da su u\u010desnici opremljeni da napreduju u sve me\u0111usobno povezanijem i odr\u017eivijem globalnom okru\u017eenju. Kroz ove aktivnosti, projekat nastoji osna\u017eiti pojedince, podsta\u0107i inovacije i promovisati inkluzivan, odr\u017eivi rast \u0161irom Evrope i \u0161ire.<\/p>\n\n\n\n<p>Glavni cilj<br>Promovisanje inkluzivnijih, odr\u017eivijih i osna\u017euju\u0107ih vje\u0161tina za u\u010denike i \u0161kolsko osoblje\/nastavnike Pobolj\u0161anje didakti\u010dke inkluzije:<\/p>\n\n\n\n<ul class=\"wp-block-list\">\n<li>Pobolj\u0161anje \u017eivotnih vje\u0161tina u\u010denika;<\/li>\n\n\n\n<li>Pobolj\u0161anje zelenih i digitalnih vje\u0161tina u\u010denika i nastavnika;<\/li>\n\n\n\n<li>Podr\u0161ka zapo\u0161ljavanju NEET-ova;<\/li>\n\n\n\n<li>Podr\u0161ka ranjivim grupama u njihovom li\u010dnom i profesionalnom razvoju;<\/li>\n\n\n\n<li>Smanjenje broja napu\u0161tanja \u0161kolovanja;<\/li>\n\n\n\n<li>Unapre\u0111enje vje\u0161tina i prekvalifikacija nastavnika;<\/li>\n\n\n\n<li>Podr\u0161ka nastavi.<\/li>\n<\/ul>\n\n\n\n<p>Glavne aktivnosti:<\/p>\n\n\n\n<ul class=\"wp-block-list\">\n<li>Stvaranje i razmjena dobre prakse izme\u0111u pru\u017eatelja usluga strukovnog obrazovanja i osposobljavanja iz EU i Zapadnog Balkana;<\/li>\n\n\n\n<li>kreiranje alata, programa i drugih materijala za izgradnju kapaciteta institucija (npr. sesije obuke, MOOC-ovi, smjernice, katalog kurseva, mapa puta, individualni akcioni planovi za institucije u\u010desnice; profesionalno vo\u0111enje i savjetovanje i metode kou\u010dinga\u2026);<\/li>\n\n\n\n<li>razvoj pedago\u0161kih pristupa, nastavnih i obu\u010dnih materijala i metoda, uklju\u010duju\u0107i u\u010denje na radnom mjestu, mobilnost, otvorene obrazovne resurse i bolje iskori\u0161tavanje potencijala IKT-a;<\/li>\n\n\n\n<li>razvoj i provo\u0111enje me\u0111unarodnih aktivnosti razmjene za osoblje i studente;<\/li>\n\n\n\n<li>provo\u0111enje takmi\u010denja u vje\u0161tinama sa specifi\u010dnom transnacionalnom dimenzijom.<\/li>\n<\/ul>\n\n\n\n<p>Specifi\u010dne aktivnosti \u0107e biti definirane s partnerima, kao dio pristupa izgradnje kapaciteta odozdo prema gore koji je klju\u010dan za projekt.<br><br>Horizontalni aspekti \/ Prioriteti<\/p>\n\n\n\n<ul class=\"wp-block-list\">\n<li>Inkluzija i raznolikost<\/li>\n\n\n\n<li>Odr\u017eivost okoli\u0161a<\/li>\n\n\n\n<li>Digitalna dimenzija<\/li>\n\n\n\n<li>Zajedni\u010dke vrijednosti, gra\u0111anski anga\u017eman i sudjelovanje<\/li>\n<\/ul>\n\n\n\n<p>Tematske oblasti<\/p>\n\n\n\n<p><br>\u2022 U\u010denje na radnom mjestu (za mlade)<br>\u2022 Stru\u010dno usavr\u0161avanje nastavnika\/trenera u strukovnom obrazovanju i obuci;<br>\u2022 Klju\u010dne kompetencije, uklju\u010duju\u0107i poduzetni\u0161tvo i gra\u0111anske kompetencije;<br>\u2022 Javno-privatni dijalog i partnerstva u strukovnom obrazovanju i obuci;<br>\u2022 Zelene i digitalne vje\u0161tine za dvostruku tranziciju;<br>\u2022 Uskla\u0111ivanje vje\u0161tina sa trenutnim i budu\u0107im mogu\u0107nostima zapo\u0161ljavanja;<br>\u2022 Razvoj nastavnih planova i programa i modula obuke;<\/p>\n\n\n<iframe frameborder=\"0\" src=\"https:\/\/drive.google.com\/file\/d\/1M1Hkuaen2_cSWu9pPpbAhP7uPmUSvpKD\/preview?usp=drivesdk\" width=\"100%\" height=\"1000\" style=\"border:0;max-width:100%\" scrolling=\"yes\"><\/iframe>\n","protected":false},"excerpt":{"rendered":"<p>VET to VET ET \u2013 Uklju\u010den, razvoj vje\u0161tina i osna\u017eivanje za Al (V2V-IDEA) podr\u017eava razvoj uklju\u010divog i odr\u017eivog strukovnog obrazovanja i osposobljavanja na zapadnom Balkanu. Projekt odgovara potrebama nastavnika, ranjivih u\u010denika, u\u010denika s posebnim&#46;&#46;&#46;<\/p>\n","protected":false},"author":1,"featured_media":11365,"comment_status":"closed","ping_status":"closed","sticky":false,"template":"","format":"standard","meta":{"_jetpack_memberships_contains_paid_content":false,"footnotes":"","jetpack_publicize_message":"","jetpack_publicize_feature_enabled":true,"jetpack_social_post_already_shared":true,"jetpack_social_options":{"image_generator_settings":{"template":"highway","default_image_id":0,"font":"","enabled":false},"version":2}},"categories":[607],"tags":[],"class_list":["post-11364","post","type-post","status-publish","format-standard","has-post-thumbnail","hentry","category-v2v-idea"],"jetpack_publicize_connections":[],"jetpack_featured_media_url":"https:\/\/ssskskola.edu.ba\/wp-content\/uploads\/2026\/02\/logo_idea-v2v.jpg","jetpack_sharing_enabled":true,"_links":{"self":[{"href":"https:\/\/ssskskola.edu.ba\/index.php?rest_route=\/wp\/v2\/posts\/11364","targetHints":{"allow":["GET"]}}],"collection":[{"href":"https:\/\/ssskskola.edu.ba\/index.php?rest_route=\/wp\/v2\/posts"}],"about":[{"href":"https:\/\/ssskskola.edu.ba\/index.php?rest_route=\/wp\/v2\/types\/post"}],"author":[{"embeddable":true,"href":"https:\/\/ssskskola.edu.ba\/index.php?rest_route=\/wp\/v2\/users\/1"}],"replies":[{"embeddable":true,"href":"https:\/\/ssskskola.edu.ba\/index.php?rest_route=%2Fwp%2Fv2%2Fcomments&post=11364"}],"version-history":[{"count":7,"href":"https:\/\/ssskskola.edu.ba\/index.php?rest_route=\/wp\/v2\/posts\/11364\/revisions"}],"predecessor-version":[{"id":11398,"href":"https:\/\/ssskskola.edu.ba\/index.php?rest_route=\/wp\/v2\/posts\/11364\/revisions\/11398"}],"wp:featuredmedia":[{"embeddable":true,"href":"https:\/\/ssskskola.edu.ba\/index.php?rest_route=\/wp\/v2\/media\/11365"}],"wp:attachment":[{"href":"https:\/\/ssskskola.edu.ba\/index.php?rest_route=%2Fwp%2Fv2%2Fmedia&parent=11364"}],"wp:term":[{"taxonomy":"category","embeddable":true,"href":"https:\/\/ssskskola.edu.ba\/index.php?rest_route=%2Fwp%2Fv2%2Fcategories&post=11364"},{"taxonomy":"post_tag","embeddable":true,"href":"https:\/\/ssskskola.edu.ba\/index.php?rest_route=%2Fwp%2Fv2%2Ftags&post=11364"}],"curies":[{"name":"wp","href":"https:\/\/api.w.org\/{rel}","templated":true}]}}