{"id":1781,"date":"2016-02-26T09:36:33","date_gmt":"2016-02-26T09:36:33","guid":{"rendered":"http:\/\/ssskskola.edu.ba\/?p=1781"},"modified":"2016-11-16T08:32:16","modified_gmt":"2016-11-16T07:32:16","slug":"dan-nezavisnosti-01-mart-2016-godine","status":"publish","type":"post","link":"https:\/\/ssskskola.edu.ba\/?p=1781","title":{"rendered":"DAN NEZAVISNOSTI 01. MART 2016. GODINE"},"content":{"rendered":"<p><a href=\"https:\/\/ssskskola.edu.ba\/wp-content\/uploads\/2014\/11\/DAN-DRZAVNOSTI-BIH.png\" rel=\"attachment wp-att-894\"><img fetchpriority=\"high\" decoding=\"async\" class=\"size-medium wp-image-894 alignleft\" src=\"https:\/\/ssskskola.edu.ba\/wp-content\/uploads\/2014\/11\/DAN-DRZAVNOSTI-BIH-266x300.png\" alt=\"DAN DRZAVNOSTI BIH\" width=\"266\" height=\"300\" \/><\/a>&#8220;U utorak, 01. marta 2016. godine, gra\u0111ani Bosne i Hercegovine proslavljaju 24 godine slobode i nezavisnosti svoje domovine Bosne i Hercegovine.<\/p>\n<p>Na referendumu odr\u017eanom 29. februara i 01. marta 1992. godine gra\u0111ani Bosne i Hercegovine svih nacionalnosti su se odlu\u010dili za suverenu, nezavinu i cjelovitu Bosnu i Hercegovinu, dr\u017eavu ravnopravnih naroda i gra\u0111ana.<\/p>\n<p>Shodno tome, Vije\u0107e ministara Evropske unije je 06. aprila 1992. godine donijelo odluku o me\u0111unarodnom priznanju Republike Bosne i Hercegovine.<\/p>\n<p>Na\u017ealost, kao posljedica me\u0111unarodnog priznanja Bosne i Hercegovine, je uslijedila agresija na Bosnu i Hercegovinu, koja je trajala od aprila 1992. godine do decembra 1995. godine, a okon\u010dana je potpisivanjem Daytonskog mirovnog sporazuma.<\/p>\n<p>Gledaju\u0107i iz dana\u0161nje perspektive, svi koji i dalje osporavaju ovaj va\u017ean historijski datum moraju biti svjesni \u010dinjenice da je 01. mart temelj Daytonskom mirovnom sporazumu u kojem je navedeno da Bosn i Hercegovina nastavlja kontinuitet Republike Bosne i Hercegovine sa 01. martom &#8211; Danom nezavisnosti i 25. novembrom &#8211; Danom dr\u017eabnosti.<\/p>\n<p>O\u010dekujemo da \u0161kole na prigodan na\u010din obilje\u017ee ovaj praznik..<\/p>\n<p>Koristimo se prilikom da svim u\u010denicima i uposlenicima u odgojno-obrazovnim ustanovama \u010destitamo 01. mart Dan nezavisnosti i po\u017eelimo sre\u0107u i uspjeh u daljem radu.<\/p>\n<p><strong>NAPOMENA: Utorak, 01.03.2016. goine je nenastavni i neradni dan u svim odgojno-obrazovnim utanovama na podru\u010dju Kantona Sarajevo.&#8221;<\/strong><\/p>\n<p>Ka\u017ee se u \u010destitci Ministarstva za obrazovanje, nauku i mlade Kantona Sarajevo.<\/p>\n<p>Pridru\u017eujemo se \u010destitci Ministarstva i svim na\u0161im u\u010denicima, njihovim roditeljima i uposlenicima \u0160kole \u010destitamo 01. mart Dan nezavisnosti Bosne i Hercegovine.<\/p>\n","protected":false},"excerpt":{"rendered":"<p>&#8220;U utorak, 01. marta 2016. godine, gra\u0111ani Bosne i Hercegovine proslavljaju 24 godine slobode i nezavisnosti svoje domovine Bosne i Hercegovine. Na referendumu odr\u017eanom 29. februara i 01. marta 1992. godine gra\u0111ani Bosne i&#46;&#46;&#46;<\/p>\n","protected":false},"author":1,"featured_media":2333,"comment_status":"closed","ping_status":"closed","sticky":false,"template":"","format":"standard","meta":{"_jetpack_memberships_contains_paid_content":false,"footnotes":"","jetpack_publicize_message":"","jetpack_publicize_feature_enabled":true,"jetpack_social_post_already_shared":true,"jetpack_social_options":{"image_generator_settings":{"template":"highway","default_image_id":0,"font":"","enabled":false},"version":2}},"categories":[2,1],"tags":[57],"class_list":["post-1781","post","type-post","status-publish","format-standard","has-post-thumbnail","hentry","category-aktualnosti","category-uncategorized","tag-dan-nezavisnosti"],"jetpack_publicize_connections":[],"jetpack_featured_media_url":"https:\/\/ssskskola.edu.ba\/wp-content\/uploads\/2016\/02\/POVELJA_KULINA_BANA.jpg","jetpack_sharing_enabled":true,"_links":{"self":[{"href":"https:\/\/ssskskola.edu.ba\/index.php?rest_route=\/wp\/v2\/posts\/1781","targetHints":{"allow":["GET"]}}],"collection":[{"href":"https:\/\/ssskskola.edu.ba\/index.php?rest_route=\/wp\/v2\/posts"}],"about":[{"href":"https:\/\/ssskskola.edu.ba\/index.php?rest_route=\/wp\/v2\/types\/post"}],"author":[{"embeddable":true,"href":"https:\/\/ssskskola.edu.ba\/index.php?rest_route=\/wp\/v2\/users\/1"}],"replies":[{"embeddable":true,"href":"https:\/\/ssskskola.edu.ba\/index.php?rest_route=%2Fwp%2Fv2%2Fcomments&post=1781"}],"version-history":[{"count":1,"href":"https:\/\/ssskskola.edu.ba\/index.php?rest_route=\/wp\/v2\/posts\/1781\/revisions"}],"predecessor-version":[{"id":2334,"href":"https:\/\/ssskskola.edu.ba\/index.php?rest_route=\/wp\/v2\/posts\/1781\/revisions\/2334"}],"wp:featuredmedia":[{"embeddable":true,"href":"https:\/\/ssskskola.edu.ba\/index.php?rest_route=\/wp\/v2\/media\/2333"}],"wp:attachment":[{"href":"https:\/\/ssskskola.edu.ba\/index.php?rest_route=%2Fwp%2Fv2%2Fmedia&parent=1781"}],"wp:term":[{"taxonomy":"category","embeddable":true,"href":"https:\/\/ssskskola.edu.ba\/index.php?rest_route=%2Fwp%2Fv2%2Fcategories&post=1781"},{"taxonomy":"post_tag","embeddable":true,"href":"https:\/\/ssskskola.edu.ba\/index.php?rest_route=%2Fwp%2Fv2%2Ftags&post=1781"}],"curies":[{"name":"wp","href":"https:\/\/api.w.org\/{rel}","templated":true}]}}