{"id":2064,"date":"2016-09-01T07:13:03","date_gmt":"2016-09-01T07:13:03","guid":{"rendered":"http:\/\/ssskskola.edu.ba\/?p=2064"},"modified":"2016-11-08T13:14:08","modified_gmt":"2016-11-08T13:14:08","slug":"cestitka-povodom-prvog-dana-nove-20162017-skolske-godine","status":"publish","type":"post","link":"https:\/\/ssskskola.edu.ba\/?p=2064","title":{"rendered":"\u010cESTITKA POVODOM PRVOG DANA NOVE 2016\/2017. \u0160KOLSKE GODINE"},"content":{"rendered":"<p>&#8220;Dragi na\u0161i u\u010denici, cijenjeni nastavnici i roditelji,<\/p>\n<p>U \u010detvrtak, 1. septembra u svim osnovnim i srednjim \u0161kolama na podru\u010dju Kantona Sarajevo po\u010dinje nova \u0161kolska 2016\/2017. godina.<br \/>\nDragi u\u010denici, nadamo se da ste imali dovoljno vremena da se odmorite i da je ljetni raspust iskori\u0161ten maksimalno, na na\u010din kako ste vi to isplanirali.<br \/>\nDok ste se vi odmarali, u \u0161kolama su izvr\u0161ene sve neophodne pripreme, tako da su sve \u0161kole spremne za prvo \u0161kolsko zvono, koje \u0107e se oglasiti danas u \u010detvrtak, 1. septembra.<\/p>\n<p><a href=\"https:\/\/ssskskola.edu.ba\/wp-content\/uploads\/2015\/05\/DSC07259_WEB1.jpg\"><img fetchpriority=\"high\" decoding=\"async\" class=\"alignleft size-medium wp-image-1280\" src=\"https:\/\/ssskskola.edu.ba\/wp-content\/uploads\/2015\/05\/DSC07259_WEB1-300x225.jpg\" alt=\"DSC07259_WEB1\" width=\"300\" height=\"225\" \/><\/a>Svim uposlenicima u odgojno-obrazovnim ustanovama, vama dragi u\u010denici, kao i va\u0161im roditeljima, \u017eelimo sretan po\u010detak nove \u0161kolske 2016\/2017. godine, \u017eelimo da provedete \u0161to vi\u0161e lijepih trenutaka u u\u010dionicama, dobre ocjene i naravno dobro zdravlje.<\/p>\n<p>S po\u0161tovanjem,<\/p>\n<p>M I N I S T A R<br \/>\nProf. dr. Elvir Kazazovi\u0107&#8221;<\/p>\n<p>Ka\u017ee se u \u010destitci Ministarstva za obrazovanje, nauku i mlade Kantona Sarajevo. Pridru\u017eujemo se \u010destitkama nale\u017enog Ministarstva i svim na\u0161im u\u010denicima \u017eelimo sretan i uspje\u0161an po\u010detak nove \u0161kolske godine.<\/p>\n<p>UPRAVA \u0160KOLE!<\/p>\n","protected":false},"excerpt":{"rendered":"<p>&#8220;Dragi na\u0161i u\u010denici, cijenjeni nastavnici i roditelji, U \u010detvrtak, 1. septembra u svim osnovnim i srednjim \u0161kolama na podru\u010dju Kantona Sarajevo po\u010dinje nova \u0161kolska 2016\/2017. godina. Dragi u\u010denici, nadamo se da ste imali dovoljno&#46;&#46;&#46;<\/p>\n","protected":false},"author":1,"featured_media":2240,"comment_status":"closed","ping_status":"closed","sticky":false,"template":"","format":"standard","meta":{"_jetpack_memberships_contains_paid_content":false,"footnotes":"","jetpack_publicize_message":"","jetpack_publicize_feature_enabled":true,"jetpack_social_post_already_shared":true,"jetpack_social_options":{"image_generator_settings":{"template":"highway","default_image_id":0,"font":"","enabled":false},"version":2}},"categories":[8,1],"tags":[87],"class_list":["post-2064","post","type-post","status-publish","format-standard","has-post-thumbnail","hentry","category-novosti1","category-uncategorized","tag-prvi-dan-skole"],"jetpack_publicize_connections":[],"jetpack_featured_media_url":"https:\/\/ssskskola.edu.ba\/wp-content\/uploads\/2016\/06\/SLIKA_SKOLE_WEB1-300x225.jpg","jetpack_sharing_enabled":true,"_links":{"self":[{"href":"https:\/\/ssskskola.edu.ba\/index.php?rest_route=\/wp\/v2\/posts\/2064","targetHints":{"allow":["GET"]}}],"collection":[{"href":"https:\/\/ssskskola.edu.ba\/index.php?rest_route=\/wp\/v2\/posts"}],"about":[{"href":"https:\/\/ssskskola.edu.ba\/index.php?rest_route=\/wp\/v2\/types\/post"}],"author":[{"embeddable":true,"href":"https:\/\/ssskskola.edu.ba\/index.php?rest_route=\/wp\/v2\/users\/1"}],"replies":[{"embeddable":true,"href":"https:\/\/ssskskola.edu.ba\/index.php?rest_route=%2Fwp%2Fv2%2Fcomments&post=2064"}],"version-history":[{"count":1,"href":"https:\/\/ssskskola.edu.ba\/index.php?rest_route=\/wp\/v2\/posts\/2064\/revisions"}],"predecessor-version":[{"id":2256,"href":"https:\/\/ssskskola.edu.ba\/index.php?rest_route=\/wp\/v2\/posts\/2064\/revisions\/2256"}],"wp:featuredmedia":[{"embeddable":true,"href":"https:\/\/ssskskola.edu.ba\/index.php?rest_route=\/wp\/v2\/media\/2240"}],"wp:attachment":[{"href":"https:\/\/ssskskola.edu.ba\/index.php?rest_route=%2Fwp%2Fv2%2Fmedia&parent=2064"}],"wp:term":[{"taxonomy":"category","embeddable":true,"href":"https:\/\/ssskskola.edu.ba\/index.php?rest_route=%2Fwp%2Fv2%2Fcategories&post=2064"},{"taxonomy":"post_tag","embeddable":true,"href":"https:\/\/ssskskola.edu.ba\/index.php?rest_route=%2Fwp%2Fv2%2Ftags&post=2064"}],"curies":[{"name":"wp","href":"https:\/\/api.w.org\/{rel}","templated":true}]}}