{"id":2067,"date":"2016-09-08T09:29:23","date_gmt":"2016-09-08T09:29:23","guid":{"rendered":"http:\/\/ssskskola.edu.ba\/?p=2067"},"modified":"2016-11-08T13:15:22","modified_gmt":"2016-11-08T13:15:22","slug":"kurban-bajram-septembar-2016-godine","status":"publish","type":"post","link":"https:\/\/ssskskola.edu.ba\/?p=2067","title":{"rendered":"KURBAN-BAJRAM, SEPTEMBAR 2016. GODINE"},"content":{"rendered":"<p><a href=\"https:\/\/ssskskola.edu.ba\/wp-content\/uploads\/2014\/10\/kurban-bajram.jpg\"><img fetchpriority=\"high\" decoding=\"async\" class=\"alignleft size-medium wp-image-972\" src=\"https:\/\/ssskskola.edu.ba\/wp-content\/uploads\/2014\/10\/kurban-bajram-300x187.jpg\" alt=\"kurban-bajram\" width=\"300\" height=\"187\" \/><\/a>&#8220;Draga djeco\/u\u010denici, po\u0161tovani nastavnici i direktori odgojno-obrazovnih ustanova, cijenjeni roditelji,<\/p>\n<p>u ponedjeljak, 12. septembra, muslimani \u0161irom svijeta obilje\u017eavaju svoj najva\u017eniji praznik &#8211; Kurban-bajram.<\/p>\n<p>Koristimo se prilikom da svim u\u010denicima, njihovim roditeljima i zaposlenicima odgojno-obrazovnih ustanova, islamske vjeroispovijesti, \u010destitamo Kurban bajram i po\u017eelimo dobro zdravlje i ostvarenje svih ciljeva u privatnom \u017eivotu i na poslovnom planu.<\/p>\n<p>NAPOMENA: U skladu sa \u0161kolskim kalendarom za 2016\/2017. godinu, 12. i 13. septembar (ponedjeljak i utorak) su u svim osnovnim i srednjim \u0161kolama na podru\u010dju Kantona Sarajevo nenastavni i neradni dani.&#8221;<\/p>\n<p>Ka\u017ee se, izme\u0111u ostalog, u \u010cestitci Ministarstva za obrazovanje, nauku i mlade Kantona Sarajevo.<\/p>\n<p>Pridru\u017eujemo se \u010destitkama nadle\u017enog Ministarstva, te svim na\u0161im u\u010denicima, njihovim roditeljima, kao i uposlenicima \u0161kole islamske vjeroispovijesti \u010destitamo nastupaju\u0107i Kurban bajram.<\/p>\n<p>UPRAVA \u0160KOLE!<\/p>\n","protected":false},"excerpt":{"rendered":"<p>&#8220;Draga djeco\/u\u010denici, po\u0161tovani nastavnici i direktori odgojno-obrazovnih ustanova, cijenjeni roditelji, u ponedjeljak, 12. septembra, muslimani \u0161irom svijeta obilje\u017eavaju svoj najva\u017eniji praznik &#8211; Kurban-bajram. Koristimo se prilikom da svim u\u010denicima, njihovim roditeljima i zaposlenicima odgojno-obrazovnih&#46;&#46;&#46;<\/p>\n","protected":false},"author":1,"featured_media":2257,"comment_status":"closed","ping_status":"closed","sticky":false,"template":"","format":"standard","meta":{"_jetpack_memberships_contains_paid_content":false,"footnotes":"","jetpack_publicize_message":"","jetpack_publicize_feature_enabled":true,"jetpack_social_post_already_shared":true,"jetpack_social_options":{"image_generator_settings":{"template":"highway","default_image_id":0,"font":"","enabled":false},"version":2}},"categories":[2,1],"tags":[70],"class_list":["post-2067","post","type-post","status-publish","format-standard","has-post-thumbnail","hentry","category-aktualnosti","category-uncategorized","tag-kurban-bajram"],"jetpack_publicize_connections":[],"jetpack_featured_media_url":"https:\/\/ssskskola.edu.ba\/wp-content\/uploads\/2016\/09\/kurban-bajram.jpg","jetpack_sharing_enabled":true,"_links":{"self":[{"href":"https:\/\/ssskskola.edu.ba\/index.php?rest_route=\/wp\/v2\/posts\/2067","targetHints":{"allow":["GET"]}}],"collection":[{"href":"https:\/\/ssskskola.edu.ba\/index.php?rest_route=\/wp\/v2\/posts"}],"about":[{"href":"https:\/\/ssskskola.edu.ba\/index.php?rest_route=\/wp\/v2\/types\/post"}],"author":[{"embeddable":true,"href":"https:\/\/ssskskola.edu.ba\/index.php?rest_route=\/wp\/v2\/users\/1"}],"replies":[{"embeddable":true,"href":"https:\/\/ssskskola.edu.ba\/index.php?rest_route=%2Fwp%2Fv2%2Fcomments&post=2067"}],"version-history":[{"count":1,"href":"https:\/\/ssskskola.edu.ba\/index.php?rest_route=\/wp\/v2\/posts\/2067\/revisions"}],"predecessor-version":[{"id":2258,"href":"https:\/\/ssskskola.edu.ba\/index.php?rest_route=\/wp\/v2\/posts\/2067\/revisions\/2258"}],"wp:featuredmedia":[{"embeddable":true,"href":"https:\/\/ssskskola.edu.ba\/index.php?rest_route=\/wp\/v2\/media\/2257"}],"wp:attachment":[{"href":"https:\/\/ssskskola.edu.ba\/index.php?rest_route=%2Fwp%2Fv2%2Fmedia&parent=2067"}],"wp:term":[{"taxonomy":"category","embeddable":true,"href":"https:\/\/ssskskola.edu.ba\/index.php?rest_route=%2Fwp%2Fv2%2Fcategories&post=2067"},{"taxonomy":"post_tag","embeddable":true,"href":"https:\/\/ssskskola.edu.ba\/index.php?rest_route=%2Fwp%2Fv2%2Ftags&post=2067"}],"curies":[{"name":"wp","href":"https:\/\/api.w.org\/{rel}","templated":true}]}}