{"id":2433,"date":"2016-11-23T10:51:43","date_gmt":"2016-11-23T09:51:43","guid":{"rendered":"http:\/\/ssskskola.edu.ba\/?p=2433"},"modified":"2016-11-23T10:51:43","modified_gmt":"2016-11-23T09:51:43","slug":"cestitka-povodom-dana-drzavnosti-25-novembar-2016-godine","status":"publish","type":"post","link":"https:\/\/ssskskola.edu.ba\/?p=2433","title":{"rendered":"\u010cestitka povodom Dana dr\u017eavnosti &#8211; 25. novembar 2016. godine"},"content":{"rendered":"<p><a href=\"http:\/\/www.sssksarajevo.com.ba\/wp-content\/uploads\/2016\/11\/Varcar-Vakuf.jpg\"><img fetchpriority=\"high\" decoding=\"async\" class=\"alignleft size-medium wp-image-3309\" src=\"http:\/\/www.sssksarajevo.com.ba\/wp-content\/uploads\/2016\/11\/Varcar-Vakuf-300x192.jpg\" alt=\"varcar-vakuf\" width=\"300\" height=\"192\" \/><\/a>&#8220;U Mrkonji\u0107 Gradu je 25.11.1943. godine odr\u017eano zasjedanje Zemaljskog antifa\u0161isti\u010dkog vije\u0107a narodnog oslobo\u0111enja Bosne i Hercegovine \u2013 ZAVNOBIH \u2013 a, \u010dime je ZAVNOBIH postao najvi\u0161i organ antifa\u0161isti\u010dkog pokreta u Bosni i Hercegovini tokom Drugog svjetskog rata, te se razvilo kao nosilac bosanskohercegova\u010dke dr\u017eavnosti.<\/p>\n<p>Osniva\u010dkoj skup\u0161tini prisustvovalo je 247 delegata iz svih krajeva Bosne i Hercegovine, od kojih 173 sa pravom glasa.<\/p>\n<p>Na prvom zasjedanju, ZAVNOBIH je formalno konstituiran kao op\u0161tepoliti\u010dko predstavni\u0161tvo Narodno-oslobodila\u010dkog pokreta Bosne i Hercegovine, ali je u stvarnosti i praksi djelovao kao najvi\u0161i organ vlasti.<\/p>\n<p>Odbornici su usvojili Rezoluciju ZAVNOBIH-a i Proglas narodima BiH u kojima se isti\u010de da ubudu\u0107e Bosnu i Hercegovinu i njene narode u zemlji i inostranstvu, mogu zastupati i predstavljati samo ZAVNOBIH i Antifa\u0161isti\u010dko vije\u0107e narodnog oslobo\u0111enja Jugoslavije \u2013 AVNOJ.<\/p>\n<p>Ovim aktima istovremeno je izra\u017eena odlu\u010dnost naroda Bosne i Hercegovine da njihova zemlja, koja nije ni srpska, ni hrvatska, ni muslimanska, nego i srpska i muslimanska i hrvatska, bude zajednica u kojoj \u0107e biti osigurana puna ravnopravnost svih Srba, Muslimana i Hrvata.<\/p>\n<p>Na zasjedanju je izabrana delegacija od 58 \u010dlanova koja \u0107e predstavljati Bosnu i Hercegovinu na Drugom zasjedanju AVNOJ-a (29. 11. 1943).<\/p>\n<p>Istovremeno je konstituirano Predsjedni\u0161tvo ZAVNOBIH-a, sastavljeno od 31 \u010dlana, sa dr. Vojislavom Kecmanovi\u0107em, kao predsjednikom.<\/p>\n<p>U petak, 25.11.2016. godine se obilje\u017eava i proslavlja 73. godi\u0161njica odr\u017eavanja Prvog zasjedanja Zemaljskog antifa\u0161isti\u010dkog vije\u0107a narodnog oslobo\u0111enja Bosne i Hercegovine (ZAVNOBIH).<\/p>\n<p>Kroz protekli period Bosna i Hercegovina se suo\u010davala sa razli\u010ditim izazovima i pritiscima, kojima se \u017eeljelo sprije\u010diti stvaranje dru\u0161tva u kojem \u0107e ravnopravnost svih gra\u0111ana i samostalnost u dono\u0161enju odluka biti onemogu\u0107ene.<\/p>\n<p>Ali, gra\u0111ani BiH se ve\u0107 u aprilu 1992. godine bili ponovo, bez svoje volje, svjedoci i u\u010desnici u ratu, jer agresija na na\u0161u zemlju koja je trajala od aprila 1992. do novembra 1995. godine je jo\u0161 jednom predstavljala izazov za sve stanovnike na\u0161e domovine.<\/p>\n<p>Hrabrost gra\u0111ana Bosne i Hercegovine i odlu\u010dnost da se brani domovina bili su klju\u010dni razlog za opstanak Bosne i Hercegovine, te zahvaljuju\u0107i toj \u010dinjenici proslavljamo 73 godine \u017eivota u slobodi.<\/p>\n<p>Odluke Prvog zasjedanja ZAVNOBIH-a i danas predstavljaju osnovu demokratskih na\u010dela na kojima se temelji razvoj na\u0161eg dru\u0161tva i domovine u cjelini.<\/p>\n<p>Svim u\u010desnicima i zaposlenicima u odgojno-obrazovnim ustanovama \u010destitamo Dan dr\u017eavnosti.<\/p>\n<p><strong>Koristimo se prilikom da podsjetimo da je, shodno \u0161kolskom kalendaru za 2016\/2017. godinu, petak 25.11.2016. godine, prazni\u010dni, odnosno neradni i nenastavni dan.&#8221;<\/strong><\/p>\n<p>\u2026 ka\u017ee se u \u010destitci Ministarstva za obrazovanje, nauku i mlade Kantona Sarajevo, te se i mi pridru\u017eujemo datim \u010destitkama i svim na\u0161im u\u010denicima i uposlenicima \u0160kole, \u010destitamo Dan dr\u017eavnosti Bosne i Hercegovine.<\/p>\n<p>UPRAVA \u0160KOLE!<\/p>\n<p>&nbsp;<\/p>\n","protected":false},"excerpt":{"rendered":"<p>&#8220;U Mrkonji\u0107 Gradu je 25.11.1943. godine odr\u017eano zasjedanje Zemaljskog antifa\u0161isti\u010dkog vije\u0107a narodnog oslobo\u0111enja Bosne i Hercegovine \u2013 ZAVNOBIH \u2013 a, \u010dime je ZAVNOBIH postao najvi\u0161i organ antifa\u0161isti\u010dkog pokreta u Bosni i Hercegovini tokom Drugog&#46;&#46;&#46;<\/p>\n","protected":false},"author":1,"featured_media":2360,"comment_status":"closed","ping_status":"closed","sticky":false,"template":"","format":"standard","meta":{"_jetpack_memberships_contains_paid_content":false,"footnotes":"","jetpack_publicize_message":"","jetpack_publicize_feature_enabled":true,"jetpack_social_post_already_shared":true,"jetpack_social_options":{"image_generator_settings":{"template":"highway","default_image_id":0,"font":"","enabled":false},"version":2}},"categories":[2,1],"tags":[127],"class_list":["post-2433","post","type-post","status-publish","format-standard","has-post-thumbnail","hentry","category-aktualnosti","category-uncategorized","tag-dan-drzavnosti-25-novembar"],"jetpack_publicize_connections":[],"jetpack_featured_media_url":"https:\/\/ssskskola.edu.ba\/wp-content\/uploads\/2015\/11\/ZASTAVA-BIH.png","jetpack_sharing_enabled":true,"_links":{"self":[{"href":"https:\/\/ssskskola.edu.ba\/index.php?rest_route=\/wp\/v2\/posts\/2433","targetHints":{"allow":["GET"]}}],"collection":[{"href":"https:\/\/ssskskola.edu.ba\/index.php?rest_route=\/wp\/v2\/posts"}],"about":[{"href":"https:\/\/ssskskola.edu.ba\/index.php?rest_route=\/wp\/v2\/types\/post"}],"author":[{"embeddable":true,"href":"https:\/\/ssskskola.edu.ba\/index.php?rest_route=\/wp\/v2\/users\/1"}],"replies":[{"embeddable":true,"href":"https:\/\/ssskskola.edu.ba\/index.php?rest_route=%2Fwp%2Fv2%2Fcomments&post=2433"}],"version-history":[{"count":1,"href":"https:\/\/ssskskola.edu.ba\/index.php?rest_route=\/wp\/v2\/posts\/2433\/revisions"}],"predecessor-version":[{"id":2434,"href":"https:\/\/ssskskola.edu.ba\/index.php?rest_route=\/wp\/v2\/posts\/2433\/revisions\/2434"}],"wp:featuredmedia":[{"embeddable":true,"href":"https:\/\/ssskskola.edu.ba\/index.php?rest_route=\/wp\/v2\/media\/2360"}],"wp:attachment":[{"href":"https:\/\/ssskskola.edu.ba\/index.php?rest_route=%2Fwp%2Fv2%2Fmedia&parent=2433"}],"wp:term":[{"taxonomy":"category","embeddable":true,"href":"https:\/\/ssskskola.edu.ba\/index.php?rest_route=%2Fwp%2Fv2%2Fcategories&post=2433"},{"taxonomy":"post_tag","embeddable":true,"href":"https:\/\/ssskskola.edu.ba\/index.php?rest_route=%2Fwp%2Fv2%2Ftags&post=2433"}],"curies":[{"name":"wp","href":"https:\/\/api.w.org\/{rel}","templated":true}]}}