{"id":2900,"date":"2017-04-28T09:05:02","date_gmt":"2017-04-28T08:05:02","guid":{"rendered":"http:\/\/ssskskola.edu.ba\/?p=2900"},"modified":"2017-04-28T13:30:26","modified_gmt":"2017-04-28T12:30:26","slug":"prvi-maj-praznik-rada-2017-godine","status":"publish","type":"post","link":"https:\/\/ssskskola.edu.ba\/?p=2900","title":{"rendered":"Prvi maj \u2013 praznik rada 2017. godine"},"content":{"rendered":"<p><strong><a href=\"https:\/\/ssskskola.edu.ba\/wp-content\/uploads\/2016\/04\/PRVI_MAJ_1.jpg\"><img fetchpriority=\"high\" decoding=\"async\" class=\"size-medium wp-image-2321 alignleft\" src=\"https:\/\/ssskskola.edu.ba\/wp-content\/uploads\/2016\/04\/PRVI_MAJ_1-300x215.jpg\" alt=\"\" width=\"300\" height=\"215\" srcset=\"https:\/\/ssskskola.edu.ba\/wp-content\/uploads\/2016\/04\/PRVI_MAJ_1-300x215.jpg 300w, https:\/\/ssskskola.edu.ba\/wp-content\/uploads\/2016\/04\/PRVI_MAJ_1.jpg 575w\" sizes=\"(max-width: 300px) 100vw, 300px\" \/><\/a><\/strong>Koristimo priliku da svim na\u0161im u\u010denicima, njihovim roditeljima, uposlenicima \u0161kole, kao i svim gra\u0111anima Bosne i Hercegovine \u010destitamo <strong>01. maj, praznik rada<\/strong>, uz napomenu da su 01. i 02. maj 2017. godine (ponedjeljak i utorak) neradni i nenastvani dani, a da je 03. maj (srijeda) prvi radni dan sljede\u0107e sedmice.<\/p>\n<p>UPRAVA \u0160KOLE!<\/p>\n","protected":false},"excerpt":{"rendered":"<p>Koristimo priliku da svim na\u0161im u\u010denicima, njihovim roditeljima, uposlenicima \u0161kole, kao i svim gra\u0111anima Bosne i Hercegovine \u010destitamo 01. maj, praznik rada, uz napomenu da su 01. i 02. maj 2017. godine (ponedjeljak i&#46;&#46;&#46;<\/p>\n","protected":false},"author":1,"featured_media":2321,"comment_status":"closed","ping_status":"closed","sticky":false,"template":"","format":"standard","meta":{"_jetpack_memberships_contains_paid_content":false,"footnotes":"","jetpack_publicize_message":"","jetpack_publicize_feature_enabled":true,"jetpack_social_post_already_shared":false,"jetpack_social_options":{"image_generator_settings":{"template":"highway","default_image_id":0,"font":"","enabled":false},"version":2}},"categories":[2,1],"tags":[153,152],"class_list":["post-2900","post","type-post","status-publish","format-standard","has-post-thumbnail","hentry","category-aktualnosti","category-uncategorized","tag-praznik-rada","tag-prvi-maj"],"jetpack_publicize_connections":[],"jetpack_featured_media_url":"https:\/\/ssskskola.edu.ba\/wp-content\/uploads\/2016\/04\/PRVI_MAJ_1.jpg","jetpack_sharing_enabled":true,"_links":{"self":[{"href":"https:\/\/ssskskola.edu.ba\/index.php?rest_route=\/wp\/v2\/posts\/2900","targetHints":{"allow":["GET"]}}],"collection":[{"href":"https:\/\/ssskskola.edu.ba\/index.php?rest_route=\/wp\/v2\/posts"}],"about":[{"href":"https:\/\/ssskskola.edu.ba\/index.php?rest_route=\/wp\/v2\/types\/post"}],"author":[{"embeddable":true,"href":"https:\/\/ssskskola.edu.ba\/index.php?rest_route=\/wp\/v2\/users\/1"}],"replies":[{"embeddable":true,"href":"https:\/\/ssskskola.edu.ba\/index.php?rest_route=%2Fwp%2Fv2%2Fcomments&post=2900"}],"version-history":[{"count":4,"href":"https:\/\/ssskskola.edu.ba\/index.php?rest_route=\/wp\/v2\/posts\/2900\/revisions"}],"predecessor-version":[{"id":2907,"href":"https:\/\/ssskskola.edu.ba\/index.php?rest_route=\/wp\/v2\/posts\/2900\/revisions\/2907"}],"wp:featuredmedia":[{"embeddable":true,"href":"https:\/\/ssskskola.edu.ba\/index.php?rest_route=\/wp\/v2\/media\/2321"}],"wp:attachment":[{"href":"https:\/\/ssskskola.edu.ba\/index.php?rest_route=%2Fwp%2Fv2%2Fmedia&parent=2900"}],"wp:term":[{"taxonomy":"category","embeddable":true,"href":"https:\/\/ssskskola.edu.ba\/index.php?rest_route=%2Fwp%2Fv2%2Fcategories&post=2900"},{"taxonomy":"post_tag","embeddable":true,"href":"https:\/\/ssskskola.edu.ba\/index.php?rest_route=%2Fwp%2Fv2%2Ftags&post=2900"}],"curies":[{"name":"wp","href":"https:\/\/api.w.org\/{rel}","templated":true}]}}