{"id":2952,"date":"2017-05-09T08:25:25","date_gmt":"2017-05-09T07:25:25","guid":{"rendered":"http:\/\/ssskskola.edu.ba\/?p=2952"},"modified":"2017-05-16T07:49:33","modified_gmt":"2017-05-16T06:49:33","slug":"dan-otvorenih-vrata-05-maj-2017-godine","status":"publish","type":"post","link":"https:\/\/ssskskola.edu.ba\/?p=2952","title":{"rendered":"Dan otvorenih vrata &#8211; 05. maj 2017. godine"},"content":{"rendered":"<p><a href=\"https:\/\/ssskskola.edu.ba\/wp-content\/uploads\/2016\/06\/SLIKA_SKOLE_WEB1-300x225.jpg\"><img fetchpriority=\"high\" decoding=\"async\" class=\"size-medium wp-image-2240 alignleft\" src=\"https:\/\/ssskskola.edu.ba\/wp-content\/uploads\/2016\/06\/SLIKA_SKOLE_WEB1-300x225-300x225.jpg\" alt=\"\" width=\"300\" height=\"225\" \/><\/a>[bws_pdfprint]U sklopu Programa promocije JU Srednje \u0161kole za saobra\u0107aj i komunikacije Sarajevo, u petak 05.maja 2017. godine organizovan je Dan otvorenih vrata na\u0161e \u0160kole.<\/p>\n<p>Kao priprema za ovaj doga\u0111aj \u010dlanovi Tima za promociju \u0160kole su snimili promotivni film, izradili plakate,\u00a0 animirali osnovne \u0161kole da do\u0111u u posjetu na\u0161oj \u0160koli i organizovali dan otvorenih vrata \u0160kole.<\/p>\n<p>Za ovaj doga\u0111aj \u0160kola je obezbijedila autobuse sa kojima su u\u010denici prevo\u017eeni od njhovih \u0161kola do na\u0161e, a po zavr\u0161etku obilaska istim autobusima su prevezeni nazad do svojih \u0161kola. U autobusima u\u010denicima osnovnih \u0161kola doma\u0107ini su bili \u010dlanovi Tima za promociju \u0160kole.<\/p>\n<p>U programu obilaska \u0161kole provedene su sljede\u0107e aktivnosti:<\/p>\n<ul>\n<li>Odlazak autobusa do osnovne \u0161kole i prijevoz u\u010denika do na\u0161e radionice<\/li>\n<li>Ispred radionice u\u010denike su do\u010dekivali na\u0161i u\u010denici \u010dlanovi Vije\u0107a u\u010denika i oni su im bili doma\u0107ini svo vrijeme boravka u na\u0161oj \u0160koli<\/li>\n<li>U holu \u0161kole pomo\u0107nik direktora je u\u010denicima za\u017eelio dobrodo\u0161licu i upoznao ih ukratko sa zbivanjima u na\u0161oj \u0160koli<\/li>\n<li>Obilazak \u0160kole je tekao po sljede\u0107em rasporedu:<\/li>\n<\/ul>\n<p>&#8211; Kabinet Saobra\u0107ajaca \u2013 Bezbjednost saobra\u0107aja \u2013 prezentovan krati film<\/p>\n<ul>\n<li>Zbornica \u2013 Prezentacija Filma<\/li>\n<li>Biblioteka<\/li>\n<li>Kabinet PTT-a<\/li>\n<li>Kabinet Informatike<\/li>\n<li>Kabinet Fizike \u2013 u\u010denici izvodili oglede<\/li>\n<li>Kabinet Ma\u0161inca K-30 \u2013 Prezentacija zanimanja na\u0161e \u0161kole koju su proveli u\u010denici \u010dlanovi Vije\u0107a u\u010denika &#8211; podjela hafi\u0161a u\u010denicima<\/li>\n<li>Posjeta Radionici<\/li>\n<li>Povratak u\u010denika autobusima do njihovih \u0161kola.<\/li>\n<\/ul>\n<p>Na\u0161u \u0160kolu posjetili su u\u010denici sljede\u0107ih Osnovnih \u0161kola:<\/p>\n<ol>\n<li>\u0160. \u201eZajko Deli\u0107\u201c<\/li>\n<li>\u0160. \u201eUmihana \u010cuvidina\u201c<\/li>\n<li>\u0160. \u201e\u010cengi\u0107 Vila I\u201c<\/li>\n<li>\u0160 \u201e1. Osnovna \u0161kola Ilid\u017ea\u201c<\/li>\n<li>\u0160. \u201e4. Osnovna \u0161kola Ilid\u017ea\u201c<\/li>\n<\/ol>\n<p>Ukupan broj u\u010denika koji su posjetili na\u0161u \u0161kolu je 172.<\/p>\n<p>Utisci direktora, pedagoga i nastavnika koji su bili u pratnji osnovaca su izuzetni i svi su uglavnom izjavili da su prijatno iznena\u0111eni svime \u0161to su vidjeli u na\u0161oj \u0160koli i oko nje. Tako\u0111er, ka\u017eu da su prije dolaska kod nas u posjetu, imali odre\u0111ene predrasude koje su nestale dolaskom i obilaskom \u0161kole.<\/p>\n<p>Koristim ovu priliku da se zahvalim svim kolegama nastavnicima i saradnicima koji su uzeli u\u010de\u0161\u0107e u realizaciji Dana otvorenih vrata na\u0161e \u0160kole. Posebnu zahvalnost bih izrazio \u010dlanovima Vije\u0107a u\u010denika \u0160kole, koji su odradili veliki posao i na najbolji na\u010din prezentovali na\u0161u \u0160kolu. Poseba zahvalnost presjednici Vije\u0107a u\u010denika Anisi Pa\u0161ali\u0107 koja je osmisilia i realizovala jedan dio prezentacije i organizovala \u010dlanove Vije\u0107a u\u010denika koji su bili izuzetno dobri doma\u0107ini. Zahvalnost i u\u010denicima Nejli Pa\u0161i\u010d, Eldaru Klovo i svim drugim \u010dlanovima Vije\u0107a u\u010denika.<\/p>\n<p>Smatram da je ovoj jedan novi iskorak na\u0161e \u0160kole u promotivnom smislu i da \u0107e skupa sa aktivnostima koji se planirane za mjesec maj 2017.godine, a koje se odnose na obilazak osnovnih \u0161kola u Kantonu Sarajevo, od strane timova za prezentaciju, dati konkretne rezultate i da \u0107emo u \u0161kolskoj 2017\/2018. godini upisati u\u010denike sa puno boljim uspjehom nego do sada.<\/p>\n\n\t\t<style>\n\t\t\t#gallery-1 {\n\t\t\t\tmargin: auto;\n\t\t\t}\n\t\t\t#gallery-1 .gallery-item {\n\t\t\t\tfloat: left;\n\t\t\t\tmargin-top: 10px;\n\t\t\t\ttext-align: center;\n\t\t\t\twidth: 33%;\n\t\t\t}\n\t\t\t#gallery-1 img {\n\t\t\t\tborder: 2px solid #cfcfcf;\n\t\t\t}\n\t\t\t#gallery-1 .gallery-caption {\n\t\t\t\tmargin-left: 0;\n\t\t\t}\n\t\t\t\/* see gallery_shortcode() in wp-includes\/media.php *\/\n\t\t<\/style>\n\t\t<div id='gallery-1' class='gallery galleryid-2952 gallery-columns-3 gallery-size-thumbnail'><dl class='gallery-item'>\n\t\t\t<dt class='gallery-icon landscape'>\n\t\t\t\t<a href='https:\/\/ssskskola.edu.ba\/?attachment_id=2955'><img decoding=\"async\" width=\"150\" height=\"150\" src=\"https:\/\/ssskskola.edu.ba\/wp-content\/uploads\/2017\/05\/DAN-OTVORENIH-VRATA-05-MAJ-2017-3-150x150.jpg\" class=\"attachment-thumbnail size-thumbnail\" alt=\"\" srcset=\"https:\/\/ssskskola.edu.ba\/wp-content\/uploads\/2017\/05\/DAN-OTVORENIH-VRATA-05-MAJ-2017-3-150x150.jpg 150w, https:\/\/ssskskola.edu.ba\/wp-content\/uploads\/2017\/05\/DAN-OTVORENIH-VRATA-05-MAJ-2017-3-160x160.jpg 160w, https:\/\/ssskskola.edu.ba\/wp-content\/uploads\/2017\/05\/DAN-OTVORENIH-VRATA-05-MAJ-2017-3-320x320.jpg 320w\" sizes=\"(max-width: 150px) 100vw, 150px\" \/><\/a>\n\t\t\t<\/dt><\/dl><dl class='gallery-item'>\n\t\t\t<dt class='gallery-icon landscape'>\n\t\t\t\t<a href='https:\/\/ssskskola.edu.ba\/?attachment_id=2956'><img decoding=\"async\" width=\"150\" height=\"150\" src=\"https:\/\/ssskskola.edu.ba\/wp-content\/uploads\/2017\/05\/DAN-OTVORENIH-VRATA-05-MAJ-2017-2-150x150.jpg\" class=\"attachment-thumbnail size-thumbnail\" alt=\"\" srcset=\"https:\/\/ssskskola.edu.ba\/wp-content\/uploads\/2017\/05\/DAN-OTVORENIH-VRATA-05-MAJ-2017-2-150x150.jpg 150w, https:\/\/ssskskola.edu.ba\/wp-content\/uploads\/2017\/05\/DAN-OTVORENIH-VRATA-05-MAJ-2017-2-160x160.jpg 160w, https:\/\/ssskskola.edu.ba\/wp-content\/uploads\/2017\/05\/DAN-OTVORENIH-VRATA-05-MAJ-2017-2-320x320.jpg 320w\" sizes=\"(max-width: 150px) 100vw, 150px\" \/><\/a>\n\t\t\t<\/dt><\/dl><dl class='gallery-item'>\n\t\t\t<dt class='gallery-icon landscape'>\n\t\t\t\t<a href='https:\/\/ssskskola.edu.ba\/?attachment_id=2957'><img loading=\"lazy\" decoding=\"async\" width=\"150\" height=\"150\" src=\"https:\/\/ssskskola.edu.ba\/wp-content\/uploads\/2017\/05\/DAN-OTVORENIH-VRATA-05-MAJ-2017-1-150x150.jpg\" class=\"attachment-thumbnail size-thumbnail\" alt=\"\" srcset=\"https:\/\/ssskskola.edu.ba\/wp-content\/uploads\/2017\/05\/DAN-OTVORENIH-VRATA-05-MAJ-2017-1-150x150.jpg 150w, https:\/\/ssskskola.edu.ba\/wp-content\/uploads\/2017\/05\/DAN-OTVORENIH-VRATA-05-MAJ-2017-1-160x160.jpg 160w, https:\/\/ssskskola.edu.ba\/wp-content\/uploads\/2017\/05\/DAN-OTVORENIH-VRATA-05-MAJ-2017-1-320x320.jpg 320w\" sizes=\"(max-width: 150px) 100vw, 150px\" \/><\/a>\n\t\t\t<\/dt><\/dl><br style=\"clear: both\" \/>\n\t\t<\/div>\n\n","protected":false},"excerpt":{"rendered":"<p>[bws_pdfprint]U sklopu Programa promocije JU Srednje \u0161kole za saobra\u0107aj i komunikacije Sarajevo, u petak 05.maja 2017. godine organizovan je Dan otvorenih vrata na\u0161e \u0160kole. Kao priprema za ovaj doga\u0111aj \u010dlanovi Tima za promociju \u0160kole&#46;&#46;&#46;<\/p>\n","protected":false},"author":1,"featured_media":2349,"comment_status":"closed","ping_status":"closed","sticky":false,"template":"","format":"standard","meta":{"_jetpack_memberships_contains_paid_content":false,"footnotes":"","jetpack_publicize_message":"","jetpack_publicize_feature_enabled":true,"jetpack_social_post_already_shared":false,"jetpack_social_options":{"image_generator_settings":{"template":"highway","default_image_id":0,"font":"","enabled":false},"version":2}},"categories":[2,1],"tags":[157],"class_list":["post-2952","post","type-post","status-publish","format-standard","has-post-thumbnail","hentry","category-aktualnosti","category-uncategorized","tag-dan-otvorenih-vrata"],"jetpack_publicize_connections":[],"jetpack_featured_media_url":"https:\/\/ssskskola.edu.ba\/wp-content\/uploads\/2015\/12\/SLIKA_SKOLE_WEB1-300x225.jpg","jetpack_sharing_enabled":true,"_links":{"self":[{"href":"https:\/\/ssskskola.edu.ba\/index.php?rest_route=\/wp\/v2\/posts\/2952","targetHints":{"allow":["GET"]}}],"collection":[{"href":"https:\/\/ssskskola.edu.ba\/index.php?rest_route=\/wp\/v2\/posts"}],"about":[{"href":"https:\/\/ssskskola.edu.ba\/index.php?rest_route=\/wp\/v2\/types\/post"}],"author":[{"embeddable":true,"href":"https:\/\/ssskskola.edu.ba\/index.php?rest_route=\/wp\/v2\/users\/1"}],"replies":[{"embeddable":true,"href":"https:\/\/ssskskola.edu.ba\/index.php?rest_route=%2Fwp%2Fv2%2Fcomments&post=2952"}],"version-history":[{"count":4,"href":"https:\/\/ssskskola.edu.ba\/index.php?rest_route=\/wp\/v2\/posts\/2952\/revisions"}],"predecessor-version":[{"id":2959,"href":"https:\/\/ssskskola.edu.ba\/index.php?rest_route=\/wp\/v2\/posts\/2952\/revisions\/2959"}],"wp:featuredmedia":[{"embeddable":true,"href":"https:\/\/ssskskola.edu.ba\/index.php?rest_route=\/wp\/v2\/media\/2349"}],"wp:attachment":[{"href":"https:\/\/ssskskola.edu.ba\/index.php?rest_route=%2Fwp%2Fv2%2Fmedia&parent=2952"}],"wp:term":[{"taxonomy":"category","embeddable":true,"href":"https:\/\/ssskskola.edu.ba\/index.php?rest_route=%2Fwp%2Fv2%2Fcategories&post=2952"},{"taxonomy":"post_tag","embeddable":true,"href":"https:\/\/ssskskola.edu.ba\/index.php?rest_route=%2Fwp%2Fv2%2Ftags&post=2952"}],"curies":[{"name":"wp","href":"https:\/\/api.w.org\/{rel}","templated":true}]}}