{"id":4051,"date":"2018-11-23T09:33:03","date_gmt":"2018-11-23T08:33:03","guid":{"rendered":"http:\/\/ssskskola.edu.ba\/?p=4051"},"modified":"2018-12-03T08:44:15","modified_gmt":"2018-12-03T07:44:15","slug":"dan-drzavnosti-25-novembar-2018-godine","status":"publish","type":"post","link":"https:\/\/ssskskola.edu.ba\/?p=4051","title":{"rendered":"Dan dr\u017eavnosti &#8211; 25. novembar 2018. godine"},"content":{"rendered":"<p><a href=\"https:\/\/ssskskola.edu.ba\/wp-content\/uploads\/2018\/11\/Muzej_ZAVNOBiH-a.jpg\"><img fetchpriority=\"high\" decoding=\"async\" class=\"size-medium wp-image-4057 alignleft\" src=\"https:\/\/ssskskola.edu.ba\/wp-content\/uploads\/2018\/11\/Muzej_ZAVNOBiH-a-300x225.jpg\" alt=\"\" width=\"300\" height=\"225\" srcset=\"https:\/\/ssskskola.edu.ba\/wp-content\/uploads\/2018\/11\/Muzej_ZAVNOBiH-a-300x225.jpg 300w, https:\/\/ssskskola.edu.ba\/wp-content\/uploads\/2018\/11\/Muzej_ZAVNOBiH-a-768x576.jpg 768w, https:\/\/ssskskola.edu.ba\/wp-content\/uploads\/2018\/11\/Muzej_ZAVNOBiH-a.jpg 1024w\" sizes=\"(max-width: 300px) 100vw, 300px\" \/><\/a><\/p>\n<p>&#8220;U susret nam dolazi obilje\u017eavanje jednog od najva\u017enijih datuma u historiji na\u0161e domovine &#8211; Dana dr\u017eavnosti, koji se obilje\u017eava 25. novembra.<\/p>\n<p>U Mrkonji\u0107 Gradu je 25. novembra 1943. godine odr\u017eano prvo zasjedanje Zemaljskog antifa\u0161isti\u010dkog vije\u0107a narodnog oslobo\u0111enja Bosne i Hercegovine &#8211; ZAVNOBIH-a, \u010dime je ZAVNOBIH postao najvi\u0161i organ antifa\u0161isti\u010dkog pokreta u Bosni i Hercegovini tokom Drugog svjetskog rata, te se razvio kao nosilac bosanskohercegova\u010dke dr\u017eavnosti.<\/p>\n<p>Osniva\u010dkoj skup\u0161tini prisustvovalo je 247 delegata iz svih krajeva Bosne i Hercegovine, od kojih 173 sa pravom glasa.<\/p>\n<p>Bosna j Hercegovina je prihvataju\u0107i osnovanje zemaljskog antifa\u0161isti\u010dkog vije\u0107a bude ravnopravna jedinica s ostalim federalnim jedinicama. Preovladalo je mi\u0161ljenje da, iako nije nacionalno homogena, Bosna i Hercegovina kroz stolje\u0107a postoji kao ekonomsko-historijska cjelina, da su njeni narodi aktivno u\u010destvovali u narodnooslobodila\u010dkoj borbi, da je tokom rata podnijela imala ogromne ljudske \u017ertve, te da ne postoji razlog za\u0161to ne bi trebala biti ravnopravna sa ostalim federalnim jedinicma.<\/p>\n<p>Na prvom zasjedanju, ZAVNOBiH je formalno konstituisan kao op\u0161tepoliti\u010dko predstavni\u0161tvo Narodno-oslobodila\u010dkog pokreta Bosne i Hercegovine, ali je u stvarnosti i praksi djelovao kao najvi\u0161i organ vlasti.<\/p>\n<p>Odbornici su usvojili Rezoluciju ZAVNOBiH-a i Proglas narodima BiH u kojima se isti\u010de da ubudu\u0107e Bosnu i Hercegovinu i njene narode u zemlji i inostranstvu, mogu zastupati i predstavljati samo ZAVNOBiH i Antifa\u0161isti\u010dko vije\u0107e narodnog oslobo\u0111enja Jugolavije &#8211; AVNOJ.<\/p>\n<p>Ovim aktima istovremeno je izra\u017eena odlu\u010dnost naroda Bosne i Hercegovine da njihova zemlja, koja nije ni srpska, ni hrvatska, ni muslimanska, nego i srpska i muslimanska i hrvatska, bude zajednica u kojoj \u0107e biti osigurana puna ravnopravnost svih Srba, Muslimana i Hrvata.<\/p>\n<p>Na zasjedanju je izabrana delegacija od 58 \u010dlanova koja \u0107e predstavljati Bosnu i Hercegovinu na Drugom zasjedanju AVNOJ-a (29. novembar 1943).<\/p>\n<p>Istovremeno je konstituisano Predsjedni\u0161tvo ZAVNOBiH-a, sastavljeno od\u00b7 31 \u010dlana, sa dr. Vojislavom Kecmanovi\u0107em, kao predsjednikom.<\/p>\n<p>ZAVNOBiH je postao jedino politi\u010dko predstavni\u0161tvo naroda Bosne i Hercegovine, a na ZAVNOBiH je preneseno ovla\u0161tenje da vr\u0161i funkciju narodne vlasti kao njen najvi\u0161i organ u Bosni i Hercegovini.<\/p>\n<p>l ove godine, 75. put, obilje\u017eavamo 25. novembar Dan dr\u017eavnosti Bosne i Hercegovine, obilje\u017eavamo godi\u0161njicu odr\u017eavanja Prvog zasjedanja Zemaljskog antifa\u0161isti\u010dkog vije\u0107a narodnog oslobo\u0111enja Bosne i Hercegovine (ZAVNOBIH).<\/p>\n<p>Od svog nastanka do danas, na\u0161a domovina je prolazila kroz te\u0161ka i izazovna historijska razdoblja i suo\u010davala se sa pitanjem opstanka u vi\u0161e navrata, aJi odlu\u010dnost njenih gra\u0111ana, njenih naroda je uvijek odnosila pobjedu nad svim silama i snagama koje nisu \u017eeljele vidjeti cjelovitu i jedinstvenu Bosnu i Hercegovinu.<\/p>\n<p>Na\u017ealost, u novijoj historiji Bosne i Hercegovine gra\u0111ani su ponovo bili prisiljeni prolaziti kroz te\u017eak period, jer su u aprilu 1992. godine bili bez svoje volje, svjedoci i u\u010desnici u ratu u agresiji na Bosnu i Hercegovinu.<\/p>\n<p>Agresija na na\u0161u zemlju koja je po\u010dela u aprilu 1992. godine i trajala do novembra 1995. godine je jo\u0161 jednom predstavljala izazov za sve stanovnike na\u0161e domovine.<\/p>\n<p>Hrabrost gra\u0111ana Bosne i Hercegovine i odlu\u010dnost da se brani domovina su bili klju\u010dni razlozi za opstanak Bosne i Hercegovine, te zahvaljuju\u0107i toj \u010dinjenici proslavljamo 74 godine \u017eivota u slobodi.<\/p>\n<p>Odluke Prvog zasijedanja ZAVNOBiH-a i danas predstavljaju osnovu demokratskih na\u010dela na kojima se temelji razvoj na\u0161eg dru\u0161tva i domovine u cjelini.<\/p>\n<p>Svim u\u010denicima i zaposlenicima u odgojno-obrazovnim ustanovama \u010destitamo Dan dr\u017eavnosti.&#8221;<\/p>\n<p>&#8230;ka\u017ee se u \u010destitici Ministarstva za obrazovanje, nauku i mlade Kantona Sarajevo.<\/p>\n<p>Pridru\u017eujemo se \u010destitkama nadle\u017enog MInistarstva i svim na\u0161im u\u010denicima, njihovim roditeljima i uposlenicima \u0160kole, \u010destitamo 25. novembar Dan dr\u017eavnosti Bosne i Hercegovine uz obavje\u0161tenje da je 26. novembar (ponedjeljak) neradni i nenastavni dan.<\/p>\n<p>&nbsp;<\/p>\n<p>Uprava \u0160kole!<\/p>\n<p>&nbsp;<\/p>\n","protected":false},"excerpt":{"rendered":"<p>&#8220;U susret nam dolazi obilje\u017eavanje jednog od najva\u017enijih datuma u historiji na\u0161e domovine &#8211; Dana dr\u017eavnosti, koji se obilje\u017eava 25. novembra. U Mrkonji\u0107 Gradu je 25. novembra 1943. godine odr\u017eano prvo zasjedanje Zemaljskog antifa\u0161isti\u010dkog&#46;&#46;&#46;<\/p>\n","protected":false},"author":1,"featured_media":4056,"comment_status":"closed","ping_status":"closed","sticky":false,"template":"","format":"standard","meta":{"_jetpack_memberships_contains_paid_content":false,"footnotes":"","jetpack_publicize_message":"","jetpack_publicize_feature_enabled":true,"jetpack_social_post_already_shared":false,"jetpack_social_options":{"image_generator_settings":{"template":"highway","default_image_id":0,"font":"","enabled":false},"version":2}},"categories":[2,1],"tags":[127,235],"class_list":["post-4051","post","type-post","status-publish","format-standard","has-post-thumbnail","hentry","category-aktualnosti","category-uncategorized","tag-dan-drzavnosti-25-novembar","tag-zavnobih"],"jetpack_publicize_connections":[],"jetpack_featured_media_url":"https:\/\/ssskskola.edu.ba\/wp-content\/uploads\/2018\/11\/Grbovi-BiH-kroz-istoriju.jpg","jetpack_sharing_enabled":true,"_links":{"self":[{"href":"https:\/\/ssskskola.edu.ba\/index.php?rest_route=\/wp\/v2\/posts\/4051","targetHints":{"allow":["GET"]}}],"collection":[{"href":"https:\/\/ssskskola.edu.ba\/index.php?rest_route=\/wp\/v2\/posts"}],"about":[{"href":"https:\/\/ssskskola.edu.ba\/index.php?rest_route=\/wp\/v2\/types\/post"}],"author":[{"embeddable":true,"href":"https:\/\/ssskskola.edu.ba\/index.php?rest_route=\/wp\/v2\/users\/1"}],"replies":[{"embeddable":true,"href":"https:\/\/ssskskola.edu.ba\/index.php?rest_route=%2Fwp%2Fv2%2Fcomments&post=4051"}],"version-history":[{"count":5,"href":"https:\/\/ssskskola.edu.ba\/index.php?rest_route=\/wp\/v2\/posts\/4051\/revisions"}],"predecessor-version":[{"id":4067,"href":"https:\/\/ssskskola.edu.ba\/index.php?rest_route=\/wp\/v2\/posts\/4051\/revisions\/4067"}],"wp:featuredmedia":[{"embeddable":true,"href":"https:\/\/ssskskola.edu.ba\/index.php?rest_route=\/wp\/v2\/media\/4056"}],"wp:attachment":[{"href":"https:\/\/ssskskola.edu.ba\/index.php?rest_route=%2Fwp%2Fv2%2Fmedia&parent=4051"}],"wp:term":[{"taxonomy":"category","embeddable":true,"href":"https:\/\/ssskskola.edu.ba\/index.php?rest_route=%2Fwp%2Fv2%2Fcategories&post=4051"},{"taxonomy":"post_tag","embeddable":true,"href":"https:\/\/ssskskola.edu.ba\/index.php?rest_route=%2Fwp%2Fv2%2Ftags&post=4051"}],"curies":[{"name":"wp","href":"https:\/\/api.w.org\/{rel}","templated":true}]}}