{"id":4275,"date":"2019-03-14T10:14:13","date_gmt":"2019-03-14T09:14:13","guid":{"rendered":"http:\/\/ssskskola.edu.ba\/?p=4275"},"modified":"2019-03-14T10:14:13","modified_gmt":"2019-03-14T09:14:13","slug":"jedan-dan-druga-skola-mart-2019","status":"publish","type":"post","link":"https:\/\/ssskskola.edu.ba\/?p=4275","title":{"rendered":"Jedan dan druga \u0161kola &#8211; mart 2019."},"content":{"rendered":"<p>U organizaciji Mre\u017ee vije\u0107a u\u010denika Kantona Sarajevo u\u010denici\/ce na\u0161e \u0161kole su i ove godine u\u010destvovali u projektu &#8221;Jedan dan druga \u0161kola&#8221; koji je realizovan u \u010detvrtak , 07.03.2019.godine. Navedeni projekat podrazumijeva jednodnevnu razmjenu u\u010denika srednjih \u0161kola u Kantonu Sarajevo.<br \/>\nCilj projekta je pobolj\u0161anje saradnje izme\u0111u \u0161kola, povezivanje srednjo\u0161kolaca, ru\u0161enje predrasuda o drugim \u0161kolama te upoznavanje sa njihovim planom i programom. Ove godine na\u0161a \u0161kola je imala razmjenu u\u010denika sa u\u010denicima Katoli\u010dkog \u0161kolskog centra Sarajevo.<\/p>\n\n\t\t<style>\n\t\t\t#gallery-1 {\n\t\t\t\tmargin: auto;\n\t\t\t}\n\t\t\t#gallery-1 .gallery-item {\n\t\t\t\tfloat: left;\n\t\t\t\tmargin-top: 10px;\n\t\t\t\ttext-align: center;\n\t\t\t\twidth: 25%;\n\t\t\t}\n\t\t\t#gallery-1 img {\n\t\t\t\tborder: 2px solid #cfcfcf;\n\t\t\t}\n\t\t\t#gallery-1 .gallery-caption {\n\t\t\t\tmargin-left: 0;\n\t\t\t}\n\t\t\t\/* see gallery_shortcode() in wp-includes\/media.php *\/\n\t\t<\/style>\n\t\t<div id='gallery-1' class='gallery galleryid-4275 gallery-columns-4 gallery-size-thumbnail'><dl class='gallery-item'>\n\t\t\t<dt class='gallery-icon landscape'>\n\t\t\t\t<a href='https:\/\/ssskskola.edu.ba\/wp-content\/uploads\/2019\/03\/IMG_20190307_130637_041.jpg'><img decoding=\"async\" width=\"150\" height=\"150\" src=\"https:\/\/ssskskola.edu.ba\/wp-content\/uploads\/2019\/03\/IMG_20190307_130637_041-150x150.jpg\" class=\"attachment-thumbnail size-thumbnail\" alt=\"\" aria-describedby=\"gallery-1-4276\" srcset=\"https:\/\/ssskskola.edu.ba\/wp-content\/uploads\/2019\/03\/IMG_20190307_130637_041-150x150.jpg 150w, https:\/\/ssskskola.edu.ba\/wp-content\/uploads\/2019\/03\/IMG_20190307_130637_041-160x160.jpg 160w, https:\/\/ssskskola.edu.ba\/wp-content\/uploads\/2019\/03\/IMG_20190307_130637_041-320x320.jpg 320w\" sizes=\"(max-width: 150px) 100vw, 150px\" \/><\/a>\n\t\t\t<\/dt>\n\t\t\t\t<dd class='wp-caption-text gallery-caption' id='gallery-1-4276'>\n\t\t\t\tRazmjena u\u010denika 1\n\t\t\t\t<\/dd><\/dl><dl class='gallery-item'>\n\t\t\t<dt class='gallery-icon landscape'>\n\t\t\t\t<a href='https:\/\/ssskskola.edu.ba\/wp-content\/uploads\/2019\/03\/IMG_20190307_130627_345.jpg'><img decoding=\"async\" width=\"150\" height=\"150\" src=\"https:\/\/ssskskola.edu.ba\/wp-content\/uploads\/2019\/03\/IMG_20190307_130627_345-150x150.jpg\" class=\"attachment-thumbnail size-thumbnail\" alt=\"\" aria-describedby=\"gallery-1-4277\" srcset=\"https:\/\/ssskskola.edu.ba\/wp-content\/uploads\/2019\/03\/IMG_20190307_130627_345-150x150.jpg 150w, https:\/\/ssskskola.edu.ba\/wp-content\/uploads\/2019\/03\/IMG_20190307_130627_345-160x160.jpg 160w, https:\/\/ssskskola.edu.ba\/wp-content\/uploads\/2019\/03\/IMG_20190307_130627_345-320x320.jpg 320w\" sizes=\"(max-width: 150px) 100vw, 150px\" \/><\/a>\n\t\t\t<\/dt>\n\t\t\t\t<dd class='wp-caption-text gallery-caption' id='gallery-1-4277'>\n\t\t\t\tRazmjena u\u010denika 2\n\t\t\t\t<\/dd><\/dl><dl class='gallery-item'>\n\t\t\t<dt class='gallery-icon portrait'>\n\t\t\t\t<a href='https:\/\/ssskskola.edu.ba\/wp-content\/uploads\/2019\/03\/IMG_20190307_130645_636.jpg'><img decoding=\"async\" width=\"150\" height=\"150\" src=\"https:\/\/ssskskola.edu.ba\/wp-content\/uploads\/2019\/03\/IMG_20190307_130645_636-150x150.jpg\" class=\"attachment-thumbnail size-thumbnail\" alt=\"\" aria-describedby=\"gallery-1-4278\" srcset=\"https:\/\/ssskskola.edu.ba\/wp-content\/uploads\/2019\/03\/IMG_20190307_130645_636-150x150.jpg 150w, https:\/\/ssskskola.edu.ba\/wp-content\/uploads\/2019\/03\/IMG_20190307_130645_636-160x160.jpg 160w, https:\/\/ssskskola.edu.ba\/wp-content\/uploads\/2019\/03\/IMG_20190307_130645_636-320x320.jpg 320w\" sizes=\"(max-width: 150px) 100vw, 150px\" \/><\/a>\n\t\t\t<\/dt>\n\t\t\t\t<dd class='wp-caption-text gallery-caption' id='gallery-1-4278'>\n\t\t\t\tRazmjena u\u010denika 3\n\t\t\t\t<\/dd><\/dl><dl class='gallery-item'>\n\t\t\t<dt class='gallery-icon landscape'>\n\t\t\t\t<a href='https:\/\/ssskskola.edu.ba\/wp-content\/uploads\/2019\/03\/Razmjena-u\u010denika-mart-2019-1.jpg'><img loading=\"lazy\" decoding=\"async\" width=\"150\" height=\"150\" src=\"https:\/\/ssskskola.edu.ba\/wp-content\/uploads\/2019\/03\/Razmjena-u\u010denika-mart-2019-1-150x150.jpg\" class=\"attachment-thumbnail size-thumbnail\" alt=\"\" aria-describedby=\"gallery-1-4279\" srcset=\"https:\/\/ssskskola.edu.ba\/wp-content\/uploads\/2019\/03\/Razmjena-u\u010denika-mart-2019-1-150x150.jpg 150w, https:\/\/ssskskola.edu.ba\/wp-content\/uploads\/2019\/03\/Razmjena-u\u010denika-mart-2019-1-160x160.jpg 160w, https:\/\/ssskskola.edu.ba\/wp-content\/uploads\/2019\/03\/Razmjena-u\u010denika-mart-2019-1-320x320.jpg 320w\" sizes=\"(max-width: 150px) 100vw, 150px\" \/><\/a>\n\t\t\t<\/dt>\n\t\t\t\t<dd class='wp-caption-text gallery-caption' id='gallery-1-4279'>\n\t\t\t\tRazmjena u\u010denika 4\n\t\t\t\t<\/dd><\/dl><br style=\"clear: both\" \/>\n\t\t<\/div>\n\n","protected":false},"excerpt":{"rendered":"<p>U organizaciji Mre\u017ee vije\u0107a u\u010denika Kantona Sarajevo u\u010denici\/ce na\u0161e \u0161kole su i ove godine u\u010destvovali u projektu &#8221;Jedan dan druga \u0161kola&#8221; koji je realizovan u \u010detvrtak , 07.03.2019.godine. Navedeni projekat podrazumijeva jednodnevnu razmjenu u\u010denika&#46;&#46;&#46;<\/p>\n","protected":false},"author":1,"featured_media":4276,"comment_status":"closed","ping_status":"closed","sticky":false,"template":"","format":"standard","meta":{"_jetpack_memberships_contains_paid_content":false,"footnotes":"","jetpack_publicize_message":"","jetpack_publicize_feature_enabled":true,"jetpack_social_post_already_shared":false,"jetpack_social_options":{"image_generator_settings":{"template":"highway","default_image_id":0,"font":"","enabled":false},"version":2}},"categories":[2,8,1],"tags":[252],"class_list":["post-4275","post","type-post","status-publish","format-standard","has-post-thumbnail","hentry","category-aktualnosti","category-novosti1","category-uncategorized","tag-mreza-vijeca-ucenika"],"jetpack_publicize_connections":[],"jetpack_featured_media_url":"https:\/\/ssskskola.edu.ba\/wp-content\/uploads\/2019\/03\/IMG_20190307_130637_041.jpg","jetpack_sharing_enabled":true,"_links":{"self":[{"href":"https:\/\/ssskskola.edu.ba\/index.php?rest_route=\/wp\/v2\/posts\/4275","targetHints":{"allow":["GET"]}}],"collection":[{"href":"https:\/\/ssskskola.edu.ba\/index.php?rest_route=\/wp\/v2\/posts"}],"about":[{"href":"https:\/\/ssskskola.edu.ba\/index.php?rest_route=\/wp\/v2\/types\/post"}],"author":[{"embeddable":true,"href":"https:\/\/ssskskola.edu.ba\/index.php?rest_route=\/wp\/v2\/users\/1"}],"replies":[{"embeddable":true,"href":"https:\/\/ssskskola.edu.ba\/index.php?rest_route=%2Fwp%2Fv2%2Fcomments&post=4275"}],"version-history":[{"count":1,"href":"https:\/\/ssskskola.edu.ba\/index.php?rest_route=\/wp\/v2\/posts\/4275\/revisions"}],"predecessor-version":[{"id":4280,"href":"https:\/\/ssskskola.edu.ba\/index.php?rest_route=\/wp\/v2\/posts\/4275\/revisions\/4280"}],"wp:featuredmedia":[{"embeddable":true,"href":"https:\/\/ssskskola.edu.ba\/index.php?rest_route=\/wp\/v2\/media\/4276"}],"wp:attachment":[{"href":"https:\/\/ssskskola.edu.ba\/index.php?rest_route=%2Fwp%2Fv2%2Fmedia&parent=4275"}],"wp:term":[{"taxonomy":"category","embeddable":true,"href":"https:\/\/ssskskola.edu.ba\/index.php?rest_route=%2Fwp%2Fv2%2Fcategories&post=4275"},{"taxonomy":"post_tag","embeddable":true,"href":"https:\/\/ssskskola.edu.ba\/index.php?rest_route=%2Fwp%2Fv2%2Ftags&post=4275"}],"curies":[{"name":"wp","href":"https:\/\/api.w.org\/{rel}","templated":true}]}}