{"id":4436,"date":"2019-04-30T11:23:05","date_gmt":"2019-04-30T10:23:05","guid":{"rendered":"http:\/\/ssskskola.edu.ba\/?p=4436"},"modified":"2019-05-23T07:54:02","modified_gmt":"2019-05-23T06:54:02","slug":"xi-festival-rada-srednjih-strucnih-skola-bosne-i-hercegovine-buzim","status":"publish","type":"post","link":"https:\/\/ssskskola.edu.ba\/?p=4436","title":{"rendered":"XI festival rada srednjih stru\u010dnih \u0161kola Bosne i Hercegovine &#8211; Bu\u017eim"},"content":{"rendered":"<div id=\"attachment_4440\" style=\"width: 310px\" class=\"wp-caption alignleft\"><a href=\"https:\/\/ssskskola.edu.ba\/wp-content\/uploads\/2019\/04\/XI-Festival-rada-Bu\u017eim-april-2019-1.jpg\"><img fetchpriority=\"high\" decoding=\"async\" aria-describedby=\"caption-attachment-4440\" class=\"size-medium wp-image-4440\" src=\"https:\/\/ssskskola.edu.ba\/wp-content\/uploads\/2019\/04\/XI-Festival-rada-Bu\u017eim-april-2019-1-300x200.jpg\" alt=\"\" width=\"300\" height=\"200\" srcset=\"https:\/\/ssskskola.edu.ba\/wp-content\/uploads\/2019\/04\/XI-Festival-rada-Bu\u017eim-april-2019-1-300x200.jpg 300w, https:\/\/ssskskola.edu.ba\/wp-content\/uploads\/2019\/04\/XI-Festival-rada-Bu\u017eim-april-2019-1-768x512.jpg 768w, https:\/\/ssskskola.edu.ba\/wp-content\/uploads\/2019\/04\/XI-Festival-rada-Bu\u017eim-april-2019-1.jpg 960w\" sizes=\"(max-width: 300px) 100vw, 300px\" \/><\/a><p id=\"caption-attachment-4440\" class=\"wp-caption-text\">XI Festival rada Bu\u017eim &#8211; april 2019 3<\/p><\/div>\n<p>Dana 27. aprila 2019. godine (subota) u vremenu od 10:00 do 17:00h, odr\u017ean je XI festival rada srednjih stru\u010dnih \u0161kola Bosne i Hercegovine u Mje\u0161ovitoj srednjoj \u0161koli &#8220;Hasan Musi\u0107&#8221; u Bu\u017eimu. Na\u0161u \u0161kolu, na ovom takmi\u010denju je predstavljalo 6 u\u010denika iz 6 rali\u010ditih zanimanja i to:<\/p>\n<ol>\n<li>Manso Saudin, autoelektri\u010dar, mentor Bala\u0161 Mustafa;<\/li>\n<li>Smje\u010danin Adel, autolimar, mentor Bajrovi\u0107 Eldin;<\/li>\n<li>\u0160abani\u0107 Ismir, automehani\u010dar, mentor Muratovi\u0107 Fikret;<\/li>\n<li>\u010cavrk Aidin, voza\u010d motornih vozila, mentor Komar Nail;<\/li>\n<li>Miluni\u0107 Arnel, tehni\u010dar drumskog saobra\u0107aja &#8211; op\u0107e, mentor Hukovi\u0107 Amir, i<\/li>\n<li>Bukva Alen, tehni\u010dar ptt saobra\u0107aja &#8211; komunikacione tehnologije, mentor Bejdi\u0107 Delila.<\/li>\n<\/ol>\n<p>Plasman me\u0111u prva 3 mjesta ostvarili su sljede\u0107i u\u010denici:<\/p>\n<ol>\n<li>Smje\u010danin Adel, autolimar, mentor Bajrovi\u0107 Eldin, <a href=\"https:\/\/drive.google.com\/open?id=178F-MwaBnzHKzbv9uaXumlY7B6QU0Ao2\" target=\"_blank\" rel=\"noopener noreferrer\"><strong>II mjesto<\/strong><\/a>;<\/li>\n<li>Manso Saudin, autoelektri\u010dar, mentor Bala\u0161 Mustafa, <a href=\"https:\/\/drive.google.com\/file\/d\/1nHxP0X2S5s-lcBEK98ng9TBD-h_BY-Xf\/view?usp=sharing\" target=\"_blank\" rel=\"noopener noreferrer\"><strong>III mjesto<\/strong><\/a>;<\/li>\n<li>Bukva Alen, tehni\u010dar ptt saobra\u0107aja &#8211; komunikacione tehnologije, mentor Bejdi\u0107 Delila, <a href=\"https:\/\/drive.google.com\/file\/d\/14-_8VvSqRuVevwHGIOj3oFp9KBkcCWxb\/view?usp=sharing\" target=\"_blank\" rel=\"noopener noreferrer\"><strong>III mjesto<\/strong><\/a>.<\/li>\n<\/ol>\n<p>Zahvaljujemo se svim u\u010denicima koji su i\u0161li na takmi\u010denje, a posebno u\u010denicima koji su osvojili II, odnosno III mjesto u svojoj kategoriji.<\/p>\n<p>Posebno se zahvaljejmo doma\u0107inima na dobrom do\u010deku i dobroj organizaciji festivala rada.<\/p>\n<p>Sljede\u0107e godine svim na\u0161im u\u010denicima i mentorima \u017eelimo jo\u0161 bolji plasman!<\/p>\n\n\t\t<style>\n\t\t\t#gallery-1 {\n\t\t\t\tmargin: auto;\n\t\t\t}\n\t\t\t#gallery-1 .gallery-item {\n\t\t\t\tfloat: left;\n\t\t\t\tmargin-top: 10px;\n\t\t\t\ttext-align: center;\n\t\t\t\twidth: 33%;\n\t\t\t}\n\t\t\t#gallery-1 img {\n\t\t\t\tborder: 2px solid #cfcfcf;\n\t\t\t}\n\t\t\t#gallery-1 .gallery-caption {\n\t\t\t\tmargin-left: 0;\n\t\t\t}\n\t\t\t\/* see gallery_shortcode() in wp-includes\/media.php *\/\n\t\t<\/style>\n\t\t<div id='gallery-1' class='gallery galleryid-4436 gallery-columns-3 gallery-size-thumbnail'><dl class='gallery-item'>\n\t\t\t<dt class='gallery-icon landscape'>\n\t\t\t\t<a href='https:\/\/ssskskola.edu.ba\/wp-content\/uploads\/2019\/04\/XI-Festival-rada-Bu\u017eim-april-2019-3.jpg'><img decoding=\"async\" width=\"150\" height=\"150\" src=\"https:\/\/ssskskola.edu.ba\/wp-content\/uploads\/2019\/04\/XI-Festival-rada-Bu\u017eim-april-2019-3-150x150.jpg\" class=\"attachment-thumbnail size-thumbnail\" alt=\"\" aria-describedby=\"gallery-1-4438\" srcset=\"https:\/\/ssskskola.edu.ba\/wp-content\/uploads\/2019\/04\/XI-Festival-rada-Bu\u017eim-april-2019-3-150x150.jpg 150w, https:\/\/ssskskola.edu.ba\/wp-content\/uploads\/2019\/04\/XI-Festival-rada-Bu\u017eim-april-2019-3-160x160.jpg 160w, https:\/\/ssskskola.edu.ba\/wp-content\/uploads\/2019\/04\/XI-Festival-rada-Bu\u017eim-april-2019-3-320x320.jpg 320w\" sizes=\"(max-width: 150px) 100vw, 150px\" \/><\/a>\n\t\t\t<\/dt>\n\t\t\t\t<dd class='wp-caption-text gallery-caption' id='gallery-1-4438'>\n\t\t\t\tXI Festival rada Bu\u017eim &#8211; april 2019 1\n\t\t\t\t<\/dd><\/dl><dl class='gallery-item'>\n\t\t\t<dt class='gallery-icon landscape'>\n\t\t\t\t<a href='https:\/\/ssskskola.edu.ba\/wp-content\/uploads\/2019\/04\/XI-Festival-rada-Bu\u017eim-april-2019-2.jpg'><img decoding=\"async\" width=\"150\" height=\"150\" src=\"https:\/\/ssskskola.edu.ba\/wp-content\/uploads\/2019\/04\/XI-Festival-rada-Bu\u017eim-april-2019-2-150x150.jpg\" class=\"attachment-thumbnail size-thumbnail\" alt=\"\" aria-describedby=\"gallery-1-4439\" srcset=\"https:\/\/ssskskola.edu.ba\/wp-content\/uploads\/2019\/04\/XI-Festival-rada-Bu\u017eim-april-2019-2-150x150.jpg 150w, https:\/\/ssskskola.edu.ba\/wp-content\/uploads\/2019\/04\/XI-Festival-rada-Bu\u017eim-april-2019-2-160x160.jpg 160w, https:\/\/ssskskola.edu.ba\/wp-content\/uploads\/2019\/04\/XI-Festival-rada-Bu\u017eim-april-2019-2-320x320.jpg 320w\" sizes=\"(max-width: 150px) 100vw, 150px\" \/><\/a>\n\t\t\t<\/dt>\n\t\t\t\t<dd class='wp-caption-text gallery-caption' id='gallery-1-4439'>\n\t\t\t\tXI Festival rada Bu\u017eim &#8211; april 2019 2\n\t\t\t\t<\/dd><\/dl><dl class='gallery-item'>\n\t\t\t<dt class='gallery-icon landscape'>\n\t\t\t\t<a href='https:\/\/ssskskola.edu.ba\/wp-content\/uploads\/2019\/04\/XI-Festival-rada-Bu\u017eim-april-2019-1.jpg'><img loading=\"lazy\" decoding=\"async\" width=\"150\" height=\"150\" src=\"https:\/\/ssskskola.edu.ba\/wp-content\/uploads\/2019\/04\/XI-Festival-rada-Bu\u017eim-april-2019-1-150x150.jpg\" class=\"attachment-thumbnail size-thumbnail\" alt=\"\" aria-describedby=\"gallery-1-4440\" srcset=\"https:\/\/ssskskola.edu.ba\/wp-content\/uploads\/2019\/04\/XI-Festival-rada-Bu\u017eim-april-2019-1-150x150.jpg 150w, https:\/\/ssskskola.edu.ba\/wp-content\/uploads\/2019\/04\/XI-Festival-rada-Bu\u017eim-april-2019-1-160x160.jpg 160w, https:\/\/ssskskola.edu.ba\/wp-content\/uploads\/2019\/04\/XI-Festival-rada-Bu\u017eim-april-2019-1-320x320.jpg 320w\" sizes=\"(max-width: 150px) 100vw, 150px\" \/><\/a>\n\t\t\t<\/dt>\n\t\t\t\t<dd class='wp-caption-text gallery-caption' id='gallery-1-4440'>\n\t\t\t\tXI Festival rada Bu\u017eim &#8211; april 2019 3\n\t\t\t\t<\/dd><\/dl><br style=\"clear: both\" \/>\n\t\t<\/div>\n\n<p>[simple_google_photos_grid album-url=&#8221;https:\/\/photos.app.goo.gl\/TmENG2VUKoPYojJr5&#8243; number-photos=&#8221;40&#8243; number-photos-per-row=&#8221;4&#8243; cache-interval=&#8221;120&#8243;]<\/p>\n","protected":false},"excerpt":{"rendered":"<p>Dana 27. aprila 2019. godine (subota) u vremenu od 10:00 do 17:00h, odr\u017ean je XI festival rada srednjih stru\u010dnih \u0161kola Bosne i Hercegovine u Mje\u0161ovitoj srednjoj \u0161koli &#8220;Hasan Musi\u0107&#8221; u Bu\u017eimu. Na\u0161u \u0161kolu, na&#46;&#46;&#46;<\/p>\n","protected":false},"author":1,"featured_media":4439,"comment_status":"closed","ping_status":"closed","sticky":false,"template":"","format":"standard","meta":{"_jetpack_memberships_contains_paid_content":false,"footnotes":"","jetpack_publicize_message":"","jetpack_publicize_feature_enabled":true,"jetpack_social_post_already_shared":false,"jetpack_social_options":{"image_generator_settings":{"template":"highway","default_image_id":0,"font":"","enabled":false},"version":2}},"categories":[2,1,17],"tags":[269,268],"class_list":["post-4436","post","type-post","status-publish","format-standard","has-post-thumbnail","hentry","category-aktualnosti","category-uncategorized","category-tak","tag-buzim","tag-xi-festival-rada"],"jetpack_publicize_connections":[],"jetpack_featured_media_url":"https:\/\/ssskskola.edu.ba\/wp-content\/uploads\/2019\/04\/XI-Festival-rada-Bu\u017eim-april-2019-2.jpg","jetpack_sharing_enabled":true,"_links":{"self":[{"href":"https:\/\/ssskskola.edu.ba\/index.php?rest_route=\/wp\/v2\/posts\/4436","targetHints":{"allow":["GET"]}}],"collection":[{"href":"https:\/\/ssskskola.edu.ba\/index.php?rest_route=\/wp\/v2\/posts"}],"about":[{"href":"https:\/\/ssskskola.edu.ba\/index.php?rest_route=\/wp\/v2\/types\/post"}],"author":[{"embeddable":true,"href":"https:\/\/ssskskola.edu.ba\/index.php?rest_route=\/wp\/v2\/users\/1"}],"replies":[{"embeddable":true,"href":"https:\/\/ssskskola.edu.ba\/index.php?rest_route=%2Fwp%2Fv2%2Fcomments&post=4436"}],"version-history":[{"count":11,"href":"https:\/\/ssskskola.edu.ba\/index.php?rest_route=\/wp\/v2\/posts\/4436\/revisions"}],"predecessor-version":[{"id":4459,"href":"https:\/\/ssskskola.edu.ba\/index.php?rest_route=\/wp\/v2\/posts\/4436\/revisions\/4459"}],"wp:featuredmedia":[{"embeddable":true,"href":"https:\/\/ssskskola.edu.ba\/index.php?rest_route=\/wp\/v2\/media\/4439"}],"wp:attachment":[{"href":"https:\/\/ssskskola.edu.ba\/index.php?rest_route=%2Fwp%2Fv2%2Fmedia&parent=4436"}],"wp:term":[{"taxonomy":"category","embeddable":true,"href":"https:\/\/ssskskola.edu.ba\/index.php?rest_route=%2Fwp%2Fv2%2Fcategories&post=4436"},{"taxonomy":"post_tag","embeddable":true,"href":"https:\/\/ssskskola.edu.ba\/index.php?rest_route=%2Fwp%2Fv2%2Ftags&post=4436"}],"curies":[{"name":"wp","href":"https:\/\/api.w.org\/{rel}","templated":true}]}}