{"id":4489,"date":"2019-05-27T12:51:04","date_gmt":"2019-05-27T11:51:04","guid":{"rendered":"http:\/\/ssskskola.edu.ba\/?p=4489"},"modified":"2019-05-27T13:07:45","modified_gmt":"2019-05-27T12:07:45","slug":"u-sarajevu-otvoren-sajam-srednjih-skola-izaberite-pravo-zanimanje","status":"publish","type":"post","link":"https:\/\/ssskskola.edu.ba\/?p=4489","title":{"rendered":"U Sarajevu otvoren Sajam srednjih \u0161kola: Izaberite pravo zanimanje"},"content":{"rendered":"<p>Prenosimo \u010dlanak sa portala <a href=\"https:\/\/www.klix.ba\/vijesti\/bih\/u-sarajevu-otvoren-sajam-srednjih-skola-izaberite-pravo-zanimanje\/190527080\" target=\"_blank\" rel=\"noopener noreferrer\">Klix.ba<\/a><\/p>\n<div class=\"uvod uvod-clanka hidden-xs\"><a href=\"https:\/\/ssskskola.edu.ba\/wp-content\/uploads\/2019\/05\/IMG_1782_1.jpg\"><img fetchpriority=\"high\" decoding=\"async\" class=\"alignleft size-medium wp-image-4490\" src=\"https:\/\/ssskskola.edu.ba\/wp-content\/uploads\/2019\/05\/IMG_1782_1-300x200.jpg\" alt=\"\" width=\"300\" height=\"200\" srcset=\"https:\/\/ssskskola.edu.ba\/wp-content\/uploads\/2019\/05\/IMG_1782_1-300x200.jpg 300w, https:\/\/ssskskola.edu.ba\/wp-content\/uploads\/2019\/05\/IMG_1782_1.jpg 648w\" sizes=\"(max-width: 300px) 100vw, 300px\" \/><\/a>Ministrica za obrazovanje, nauku i mlade KS Zineta Boguni\u0107 otvorila je danas jednodnevni Sajam srednjih \u0161kola, na kojem \u0107e se u\u010denici koji zavr\u0161avaju deveti razred osnovne \u0161kole i njihovi roditelji imati priliku upoznati sa programima i zanimanjima koje nude srednje \u0161kole.<\/div>\n<div class=\"tekst clanak_vijesti\">\n<p>&#8220;Ovo je jedan od najva\u017enijih trenutaka u va\u0161im \u017eivotima. Zavr\u0161avate osnovnu \u0161kolu, pripremate se za maturalno ve\u010de, polaganje eksterne mature i nakon svega toga ostaje uvijek pitanje &#8216;kamo dalje&#8217;. Upravo zbog toga smo i organizirali ovaj sajam, jer svaka \u0161kola u Kantonu Sarajevo mo\u017ee ponuditi mnogo toga&#8221;, poru\u010dila je ministrica Boguni\u0107.<\/p>\n<p>Najavila je da \u0107e i ove godine 100 u\u010denika koji izaberu 18 zanimanja koja su deficitarna dobiti stipendiju.<\/p>\n<p>Pozvala je mlade da prilikom upisa po\u0161tuju svoje \u017eelje i kompetencije te da izaberu \u0161kolu koji oni \u017eele.<\/p>\n<p>Planirano je da 36 \u0161kola kroz svoje prezentacije ponudi najzna\u010dajnije informacije o svom radu i funkcioniranju, osnovnim djelatnostima kojima se bave, te na\u010dinima na koje su ove ustanove povezane sa poslodavcima, te kakva je konkurentnost na tr\u017ei\u0161tu rada nakon zavr\u0161etka ovih srednjih \u0161kola.<\/p>\n<p>Ovaj sajam organizira resorno ministarstvo u saradnji sa Zajednicom srednjih \u0161kola, a trajat \u0107e danas u periodu od 12 do 18 sati na platou ispred BBI centra.<\/p>\n<\/div>\n","protected":false},"excerpt":{"rendered":"<p>Prenosimo \u010dlanak sa portala Klix.ba Ministrica za obrazovanje, nauku i mlade KS Zineta Boguni\u0107 otvorila je danas jednodnevni Sajam srednjih \u0161kola, na kojem \u0107e se u\u010denici koji zavr\u0161avaju deveti razred osnovne \u0161kole i njihovi&#46;&#46;&#46;<\/p>\n","protected":false},"author":1,"featured_media":4490,"comment_status":"closed","ping_status":"closed","sticky":false,"template":"","format":"standard","meta":{"_jetpack_memberships_contains_paid_content":false,"footnotes":"","jetpack_publicize_message":"","jetpack_publicize_feature_enabled":true,"jetpack_social_post_already_shared":false,"jetpack_social_options":{"image_generator_settings":{"template":"highway","default_image_id":0,"font":"","enabled":false},"version":2}},"categories":[2,1],"tags":[],"class_list":["post-4489","post","type-post","status-publish","format-standard","has-post-thumbnail","hentry","category-aktualnosti","category-uncategorized"],"jetpack_publicize_connections":[],"jetpack_featured_media_url":"https:\/\/ssskskola.edu.ba\/wp-content\/uploads\/2019\/05\/IMG_1782_1.jpg","jetpack_sharing_enabled":true,"_links":{"self":[{"href":"https:\/\/ssskskola.edu.ba\/index.php?rest_route=\/wp\/v2\/posts\/4489","targetHints":{"allow":["GET"]}}],"collection":[{"href":"https:\/\/ssskskola.edu.ba\/index.php?rest_route=\/wp\/v2\/posts"}],"about":[{"href":"https:\/\/ssskskola.edu.ba\/index.php?rest_route=\/wp\/v2\/types\/post"}],"author":[{"embeddable":true,"href":"https:\/\/ssskskola.edu.ba\/index.php?rest_route=\/wp\/v2\/users\/1"}],"replies":[{"embeddable":true,"href":"https:\/\/ssskskola.edu.ba\/index.php?rest_route=%2Fwp%2Fv2%2Fcomments&post=4489"}],"version-history":[{"count":2,"href":"https:\/\/ssskskola.edu.ba\/index.php?rest_route=\/wp\/v2\/posts\/4489\/revisions"}],"predecessor-version":[{"id":4492,"href":"https:\/\/ssskskola.edu.ba\/index.php?rest_route=\/wp\/v2\/posts\/4489\/revisions\/4492"}],"wp:featuredmedia":[{"embeddable":true,"href":"https:\/\/ssskskola.edu.ba\/index.php?rest_route=\/wp\/v2\/media\/4490"}],"wp:attachment":[{"href":"https:\/\/ssskskola.edu.ba\/index.php?rest_route=%2Fwp%2Fv2%2Fmedia&parent=4489"}],"wp:term":[{"taxonomy":"category","embeddable":true,"href":"https:\/\/ssskskola.edu.ba\/index.php?rest_route=%2Fwp%2Fv2%2Fcategories&post=4489"},{"taxonomy":"post_tag","embeddable":true,"href":"https:\/\/ssskskola.edu.ba\/index.php?rest_route=%2Fwp%2Fv2%2Ftags&post=4489"}],"curies":[{"name":"wp","href":"https:\/\/api.w.org\/{rel}","templated":true}]}}