{"id":4721,"date":"2019-09-26T13:13:10","date_gmt":"2019-09-26T12:13:10","guid":{"rendered":"http:\/\/ssskskola.edu.ba\/?p=4721"},"modified":"2019-09-26T13:18:58","modified_gmt":"2019-09-26T12:18:58","slug":"kako-podrzati-mlade-u-koristenju-medija-danasnjice","status":"publish","type":"post","link":"https:\/\/ssskskola.edu.ba\/?p=4721","title":{"rendered":"Kako podr\u017eati mlade u kori\u0161tenju medija dana\u0161njice?"},"content":{"rendered":"<div dir=\"auto\">\n<p><a href=\"https:\/\/ssskskola.edu.ba\/wp-content\/uploads\/2019\/09\/20190923_152024.jpg\"><img fetchpriority=\"high\" decoding=\"async\" class=\"alignleft size-medium wp-image-4725\" src=\"https:\/\/ssskskola.edu.ba\/wp-content\/uploads\/2019\/09\/20190923_152024-300x264.jpg\" alt=\"\" width=\"300\" height=\"264\" srcset=\"https:\/\/ssskskola.edu.ba\/wp-content\/uploads\/2019\/09\/20190923_152024-300x264.jpg 300w, https:\/\/ssskskola.edu.ba\/wp-content\/uploads\/2019\/09\/20190923_152024-768x676.jpg 768w, https:\/\/ssskskola.edu.ba\/wp-content\/uploads\/2019\/09\/20190923_152024-1024x901.jpg 1024w, https:\/\/ssskskola.edu.ba\/wp-content\/uploads\/2019\/09\/20190923_152024.jpg 1145w\" sizes=\"(max-width: 300px) 100vw, 300px\" \/><\/a>Dana 23.09.2019. godine u organizaciji Mediacentra i podr\u0161ku Ambasade Republike \u010ce\u0161ke odr\u017eana je konferencija o medijskoj pismenosti pod nazivom:<\/p>\n<p>\u201eKako podr\u017eati mlade u kori\u0161tenju medija dana\u0161njice?\u201c<\/p>\n<p>U ime Srednje \u0161kole za saobra\u0107aj i komunikacije Sarajevo na konferenciji je prisustvovao profesor Igor Smiljani\u0107.<\/p>\n<p>Konferencija\u00a0<em>je<\/em>\u00a0okupila roditelje, nastavnike, u\u010ditelje i odgajatelje iz cijele Bosne i Hercegovine s ciljem pokretanja diskusije o navikama mladih i djece pri kori\u0161tenju medija i o ulozi roditelja i edukatora da omogu\u0107e djeci i mladima da sigurno i odgovorno koriste medije.<\/p>\n<p>Delegacija Evropske unije u BiH je pozvala obrazovne vlasti i sve zainteresovane da se uklju\u010de u dijalog o medijskoj pismenosti, jer napredak tehnologije svaki dan postavlja sve vi\u0161e izazova na ovom podru\u010dju.<\/p>\n<p>\u201cMoramo biti svjesni da je medijsko okru\u017eenje danas bitno druga\u010dije nego ranije te se i dalje velikom brzinom mijenja.<\/p>\n<p>Medijski sadr\u017eaji su mladima neograni\u010deno dostupni putem interneta \u0161to zahtijeva da se fokusiramo na za\u0161titu sigurnosti i privatnosti, online nasilje i dezinformacije, kako bismo omogu\u0107ili mladima da sigurno i odgovorno koriste medije dana\u0161njice.<\/p>\n<p>Jako je korisno da kao edukatori, nastavnici, ali i roditelji stvorimo prostor za razgovor i u\u010dimo jedni od drugih kako bismo pratili medijske trendove i pomogli mladim ljudima da odgovorno i kriti\u010dki koriste medijske sadr\u017eaje koji im se plasiraju\u201d, izjavila je izvr\u0161na direktorica Mediacentra Maida Muminovi\u0107.<\/p>\n<\/div>\n<p>[simple_google_photos_grid album-url=&#8221;https:\/\/photos.app.goo.gl\/bdhA6spZuzKBPVHB8&#8243; number-photos=&#8221;6&#8243; number-photos-per-row=&#8221;3&#8243; cache-interval=&#8221;120&#8243;]<\/p>\n","protected":false},"excerpt":{"rendered":"<p>Dana 23.09.2019. godine u organizaciji Mediacentra i podr\u0161ku Ambasade Republike \u010ce\u0161ke odr\u017eana je konferencija o medijskoj pismenosti pod nazivom: \u201eKako podr\u017eati mlade u kori\u0161tenju medija dana\u0161njice?\u201c U ime Srednje \u0161kole za saobra\u0107aj i komunikacije&#46;&#46;&#46;<\/p>\n","protected":false},"author":1,"featured_media":4723,"comment_status":"closed","ping_status":"closed","sticky":false,"template":"","format":"standard","meta":{"_jetpack_memberships_contains_paid_content":false,"footnotes":"","jetpack_publicize_message":"","jetpack_publicize_feature_enabled":true,"jetpack_social_post_already_shared":false,"jetpack_social_options":{"image_generator_settings":{"template":"highway","default_image_id":0,"font":"","enabled":false},"version":2}},"categories":[2,187,1],"tags":[300,299],"class_list":["post-4721","post","type-post","status-publish","format-standard","has-post-thumbnail","hentry","category-aktualnosti","category-civitas","category-uncategorized","tag-medijska-pismenost","tag-mladi"],"jetpack_publicize_connections":[],"jetpack_featured_media_url":"https:\/\/ssskskola.edu.ba\/wp-content\/uploads\/2019\/09\/20190923_152133.jpg","jetpack_sharing_enabled":true,"_links":{"self":[{"href":"https:\/\/ssskskola.edu.ba\/index.php?rest_route=\/wp\/v2\/posts\/4721","targetHints":{"allow":["GET"]}}],"collection":[{"href":"https:\/\/ssskskola.edu.ba\/index.php?rest_route=\/wp\/v2\/posts"}],"about":[{"href":"https:\/\/ssskskola.edu.ba\/index.php?rest_route=\/wp\/v2\/types\/post"}],"author":[{"embeddable":true,"href":"https:\/\/ssskskola.edu.ba\/index.php?rest_route=\/wp\/v2\/users\/1"}],"replies":[{"embeddable":true,"href":"https:\/\/ssskskola.edu.ba\/index.php?rest_route=%2Fwp%2Fv2%2Fcomments&post=4721"}],"version-history":[{"count":4,"href":"https:\/\/ssskskola.edu.ba\/index.php?rest_route=\/wp\/v2\/posts\/4721\/revisions"}],"predecessor-version":[{"id":4728,"href":"https:\/\/ssskskola.edu.ba\/index.php?rest_route=\/wp\/v2\/posts\/4721\/revisions\/4728"}],"wp:featuredmedia":[{"embeddable":true,"href":"https:\/\/ssskskola.edu.ba\/index.php?rest_route=\/wp\/v2\/media\/4723"}],"wp:attachment":[{"href":"https:\/\/ssskskola.edu.ba\/index.php?rest_route=%2Fwp%2Fv2%2Fmedia&parent=4721"}],"wp:term":[{"taxonomy":"category","embeddable":true,"href":"https:\/\/ssskskola.edu.ba\/index.php?rest_route=%2Fwp%2Fv2%2Fcategories&post=4721"},{"taxonomy":"post_tag","embeddable":true,"href":"https:\/\/ssskskola.edu.ba\/index.php?rest_route=%2Fwp%2Fv2%2Ftags&post=4721"}],"curies":[{"name":"wp","href":"https:\/\/api.w.org\/{rel}","templated":true}]}}