{"id":4733,"date":"2019-10-02T07:40:25","date_gmt":"2019-10-02T06:40:25","guid":{"rendered":"http:\/\/ssskskola.edu.ba\/?p=4733"},"modified":"2019-10-02T07:45:07","modified_gmt":"2019-10-02T06:45:07","slug":"posjeta-srebrenici-septembar-2019-godine","status":"publish","type":"post","link":"https:\/\/ssskskola.edu.ba\/?p=4733","title":{"rendered":"Posjeta Srebrenici &#8211; Septembar 2019. godine"},"content":{"rendered":"<p><a href=\"https:\/\/ssskskola.edu.ba\/wp-content\/uploads\/2019\/10\/SREBRENICA20193.jpg\"><img decoding=\"async\" class=\"alignleft size-medium wp-image-4734\" src=\"https:\/\/ssskskola.edu.ba\/wp-content\/uploads\/2019\/10\/SREBRENICA20193-300x120.jpg\" alt=\"\" width=\"300\" height=\"120\" srcset=\"https:\/\/ssskskola.edu.ba\/wp-content\/uploads\/2019\/10\/SREBRENICA20193-300x120.jpg 300w, https:\/\/ssskskola.edu.ba\/wp-content\/uploads\/2019\/10\/SREBRENICA20193-768x306.jpg 768w, https:\/\/ssskskola.edu.ba\/wp-content\/uploads\/2019\/10\/SREBRENICA20193-1024x408.jpg 1024w, https:\/\/ssskskola.edu.ba\/wp-content\/uploads\/2019\/10\/SREBRENICA20193.jpg 1124w\" sizes=\"(max-width: 300px) 100vw, 300px\" \/><\/a>I ove godine, tradicionalno, u\u010denici drugih razreda su u pratnji svojih razrednih starje\u0161ina, Bradari\u0107 Damira, D\u017einovi\u0107 Mersida, Mujezinovi\u0107 Nermine, Prnjavorac Omara, \u0160olji\u0107 Alije, Filipovi\u0107 \u0160olji\u0107 Selme i Kruni\u0107 Zlate, predstavnika \u0161kole Emilije Martin\u010devi\u0107, pomo\u0107nika direktora za razvoj i unapre\u0111enje i prof.historije Azre Mrn\u0111i\u0107, posjetili Memorijalni centar Srebrenica \u2013 Poto\u010dari, 26.09.2019.godine.<\/p>\n<p>Ukupan broj u\u010denika koji posjetio Memorijalni centar Srebrnica \u2013 Poto\u010dari je 155.<\/p>\n<p>JU Srednja \u0161kola za saobra\u0107aj i komunikacije Sarajevo je svim u\u010denicima obezbjedila lunch pakete.<\/p>\n<p>U Memorijalnom centru je bio odr\u017ean historijski \u010das i za u\u010denike i za nastavnike.\u00a0 U\u010denici su posjetili mezarje, fabriku u kojoj su bili smje\u0161teni holandski vojnici i pogledali film o Srebrenici.<\/p>\n<p>[simple_google_photos_grid album-url=&#8221;https:\/\/photos.app.goo.gl\/EdBcVk3G8HXEuJZK8&#8243; number-photos=&#8221;6&#8243; number-photos-per-row=&#8221;3&#8243; cache-interval=&#8221;120&#8243;]<\/p>\n<p>&nbsp;<\/p>\n","protected":false},"excerpt":{"rendered":"<p>I ove godine, tradicionalno, u\u010denici drugih razreda su u pratnji svojih razrednih starje\u0161ina, Bradari\u0107 Damira, D\u017einovi\u0107 Mersida, Mujezinovi\u0107 Nermine, Prnjavorac Omara, \u0160olji\u0107 Alije, Filipovi\u0107 \u0160olji\u0107 Selme i Kruni\u0107 Zlate, predstavnika \u0161kole Emilije Martin\u010devi\u0107, pomo\u0107nika&#46;&#46;&#46;<\/p>\n","protected":false},"author":1,"featured_media":4734,"comment_status":"closed","ping_status":"closed","sticky":false,"template":"","format":"standard","meta":{"_jetpack_memberships_contains_paid_content":false,"footnotes":"","jetpack_publicize_message":"","jetpack_publicize_feature_enabled":true,"jetpack_social_post_already_shared":false,"jetpack_social_options":{"image_generator_settings":{"template":"highway","default_image_id":0,"font":"","enabled":false},"version":2}},"categories":[2,1],"tags":[],"class_list":["post-4733","post","type-post","status-publish","format-standard","has-post-thumbnail","hentry","category-aktualnosti","category-uncategorized"],"jetpack_publicize_connections":[],"jetpack_featured_media_url":"https:\/\/ssskskola.edu.ba\/wp-content\/uploads\/2019\/10\/SREBRENICA20193.jpg","jetpack_sharing_enabled":true,"_links":{"self":[{"href":"https:\/\/ssskskola.edu.ba\/index.php?rest_route=\/wp\/v2\/posts\/4733","targetHints":{"allow":["GET"]}}],"collection":[{"href":"https:\/\/ssskskola.edu.ba\/index.php?rest_route=\/wp\/v2\/posts"}],"about":[{"href":"https:\/\/ssskskola.edu.ba\/index.php?rest_route=\/wp\/v2\/types\/post"}],"author":[{"embeddable":true,"href":"https:\/\/ssskskola.edu.ba\/index.php?rest_route=\/wp\/v2\/users\/1"}],"replies":[{"embeddable":true,"href":"https:\/\/ssskskola.edu.ba\/index.php?rest_route=%2Fwp%2Fv2%2Fcomments&post=4733"}],"version-history":[{"count":2,"href":"https:\/\/ssskskola.edu.ba\/index.php?rest_route=\/wp\/v2\/posts\/4733\/revisions"}],"predecessor-version":[{"id":4736,"href":"https:\/\/ssskskola.edu.ba\/index.php?rest_route=\/wp\/v2\/posts\/4733\/revisions\/4736"}],"wp:featuredmedia":[{"embeddable":true,"href":"https:\/\/ssskskola.edu.ba\/index.php?rest_route=\/wp\/v2\/media\/4734"}],"wp:attachment":[{"href":"https:\/\/ssskskola.edu.ba\/index.php?rest_route=%2Fwp%2Fv2%2Fmedia&parent=4733"}],"wp:term":[{"taxonomy":"category","embeddable":true,"href":"https:\/\/ssskskola.edu.ba\/index.php?rest_route=%2Fwp%2Fv2%2Fcategories&post=4733"},{"taxonomy":"post_tag","embeddable":true,"href":"https:\/\/ssskskola.edu.ba\/index.php?rest_route=%2Fwp%2Fv2%2Ftags&post=4733"}],"curies":[{"name":"wp","href":"https:\/\/api.w.org\/{rel}","templated":true}]}}