{"id":4766,"date":"2019-10-15T09:08:14","date_gmt":"2019-10-15T08:08:14","guid":{"rendered":"http:\/\/ssskskola.edu.ba\/?p=4766"},"modified":"2019-10-15T09:21:35","modified_gmt":"2019-10-15T08:21:35","slug":"obiljezavanje-svjetskog-dana-poste-9-oktobar","status":"publish","type":"post","link":"https:\/\/ssskskola.edu.ba\/?p=4766","title":{"rendered":"Obilje\u017eavanje Svjetskog dana po\u0161te \u2013 9. oktobar"},"content":{"rendered":"\n<div class=\"wp-block-image\"><figure class=\"alignleft is-resized\"><img fetchpriority=\"high\" decoding=\"async\" src=\"https:\/\/ssskskola.edu.ba\/wp-content\/uploads\/2019\/10\/slika-8.jpg\" alt=\"\" class=\"wp-image-4769\" width=\"318\" height=\"424\" srcset=\"https:\/\/ssskskola.edu.ba\/wp-content\/uploads\/2019\/10\/slika-8.jpg 720w, https:\/\/ssskskola.edu.ba\/wp-content\/uploads\/2019\/10\/slika-8-225x300.jpg 225w\" sizes=\"(max-width: 318px) 100vw, 318px\" \/><\/figure><\/div>\n\n\n\n<p>U sklopu obilje\u017eavanja Svjetskog dana po\u0161te, u\u010denici na\u0161e \u0161kole, \u010detvrti i tre\u0107i razredi, tehni\u010dari ptt saobra\u0107aja \u2013 po\u0161tanske tehnologije, posjetili su GPC. &nbsp;Posjeta je bila organizovana 09.10.2019.godine u periodu od 12.20 \u2013 14.00 sati.&nbsp; Dvadeset u\u010denika bilo je u pratnji profesora Solak Sabahudina i Delali\u0107 Admire.&nbsp;&nbsp; U Glavnom po\u0161tanskom Centru docekao ih je Sanjin Fazli\u0107, djelatnik po\u0161te.&nbsp; <\/p>\n\n\n\n<p>U\u010denici su posjetili prijemni\nodjel, sorting centar i hibridnu po\u0161tu.<\/p>\n\n\n\n<p>Upoznali su se sa tehnolo\u0161kim\npostupcima i stepenom primjene tehnike unutar po\u0161tanskog sistema. <\/p>\n\n\n\n<p>Godina 2019. posebna je za po\u0161te\n\u0161irom svijeta. &nbsp;U njoj su dva jubileja; 145\ngodina od nastanka Svjetskog po\u0161tanskog saveza koji je uspostavljen 1874.\ngodine u Bernu gdje mu je i sjedi\u0161te, dok je drugi jubilej 50 godina od kada se\n9. oktobar slavi kao Svjetski dan po\u0161te. <\/p>\n\n\n\n<p>Po\u0161te \u0161irom svijeta raznim aktivnostima\nsvake godine obilje\u017eavaju svoj dan.<\/p>\n\n\n\n<p>Doma\u0107ini su se potrudili da \u0161to\nvi\u0161e informacija dopre do u\u010denika koji su pomno slu\u0161ali i pratili.&nbsp; Predstavljen im je tok po\u0161iljaka od prijemnog\nodijeljenja do po\u0161tanskog centra a zatim su se upoznali sa tehnolo\u0161kom fazom\notpreme po\u0161tanskih po\u0161iljaka.<\/p>\n\n\n\n<p>Imali smo priliku vidjeti\nnajnoviju sortir ma\u0161inu koje je jo\u0161 u eksperimentalnoj fazi, pu\u0161tene je u rad\nda bi vidjeli na koji na\u010din uop\u0107e funkcionise.<\/p>\n\n\n\n<p>Zatim smo obi\u0161li postrojenja\nhibridne po\u0161te i prakti\u010dno vidjeli na koji na\u010din po\u0161ta vr\u0161i pripremu i print\ndokumenata za tre\u0107a lica, a zatim &nbsp;kovertiranje i slanje na dostavu..<\/p>\n\n\n\n<p>Zahvalili smo se gospodi koja nas je srda\u010dno do\u010dekala i potrudila se da nam bude ugodno i lijepo uz obe\u0107anje da \u0107emo veoma brzo opet organizovati posjetu i pobli\u017ee se upoznati sa prispje\u0107em i uru\u010denjem po\u0161tanskih po\u0161iljaka.<\/p>\n\n\n\n<p> [simple_google_photos_grid album-url=&#8221;https:\/\/photos.app.goo.gl\/kS2AWTeBYNRFfU7w7&#8243; number-photos=&#8221;9&#8243; number-photos-per-row=&#8221;4&#8243; cache-interval=&#8221;120&#8243;] <\/p>\n","protected":false},"excerpt":{"rendered":"<p>Godina 2019. posebna je za po\u0161te \u0161irom svijeta.  U njoj su dva jubileja; 145 godina od nastanka Svjetskog po\u0161tanskog saveza koji je uspostavljen 1874. godine u Bernu gdje mu je i sjedi\u0161te, dok je drugi jubilej 50 godina od kada se 9. oktobar slavi kao Svjetski dan po\u0161te.<\/p>\n","protected":false},"author":1,"featured_media":4768,"comment_status":"closed","ping_status":"closed","sticky":false,"template":"","format":"standard","meta":{"_jetpack_memberships_contains_paid_content":false,"footnotes":"","jetpack_publicize_message":"","jetpack_publicize_feature_enabled":true,"jetpack_social_post_already_shared":false,"jetpack_social_options":{"image_generator_settings":{"template":"highway","default_image_id":0,"font":"","enabled":false},"version":2}},"categories":[2,1],"tags":[304],"class_list":["post-4766","post","type-post","status-publish","format-standard","has-post-thumbnail","hentry","category-aktualnosti","category-uncategorized","tag-09-oktobar-dan-poste"],"jetpack_publicize_connections":[],"jetpack_featured_media_url":"https:\/\/ssskskola.edu.ba\/wp-content\/uploads\/2019\/10\/slika-6.jpg","jetpack_sharing_enabled":true,"_links":{"self":[{"href":"https:\/\/ssskskola.edu.ba\/index.php?rest_route=\/wp\/v2\/posts\/4766","targetHints":{"allow":["GET"]}}],"collection":[{"href":"https:\/\/ssskskola.edu.ba\/index.php?rest_route=\/wp\/v2\/posts"}],"about":[{"href":"https:\/\/ssskskola.edu.ba\/index.php?rest_route=\/wp\/v2\/types\/post"}],"author":[{"embeddable":true,"href":"https:\/\/ssskskola.edu.ba\/index.php?rest_route=\/wp\/v2\/users\/1"}],"replies":[{"embeddable":true,"href":"https:\/\/ssskskola.edu.ba\/index.php?rest_route=%2Fwp%2Fv2%2Fcomments&post=4766"}],"version-history":[{"count":4,"href":"https:\/\/ssskskola.edu.ba\/index.php?rest_route=\/wp\/v2\/posts\/4766\/revisions"}],"predecessor-version":[{"id":4773,"href":"https:\/\/ssskskola.edu.ba\/index.php?rest_route=\/wp\/v2\/posts\/4766\/revisions\/4773"}],"wp:featuredmedia":[{"embeddable":true,"href":"https:\/\/ssskskola.edu.ba\/index.php?rest_route=\/wp\/v2\/media\/4768"}],"wp:attachment":[{"href":"https:\/\/ssskskola.edu.ba\/index.php?rest_route=%2Fwp%2Fv2%2Fmedia&parent=4766"}],"wp:term":[{"taxonomy":"category","embeddable":true,"href":"https:\/\/ssskskola.edu.ba\/index.php?rest_route=%2Fwp%2Fv2%2Fcategories&post=4766"},{"taxonomy":"post_tag","embeddable":true,"href":"https:\/\/ssskskola.edu.ba\/index.php?rest_route=%2Fwp%2Fv2%2Ftags&post=4766"}],"curies":[{"name":"wp","href":"https:\/\/api.w.org\/{rel}","templated":true}]}}