{"id":5036,"date":"2019-12-10T12:50:00","date_gmt":"2019-12-10T11:50:00","guid":{"rendered":"http:\/\/ssskskola.edu.ba\/?p=5036"},"modified":"2020-01-08T12:53:20","modified_gmt":"2020-01-08T11:53:20","slug":"posjeta-partnerskoj-skoli-u-grayu-francuska","status":"publish","type":"post","link":"https:\/\/ssskskola.edu.ba\/?p=5036","title":{"rendered":"Posjeta partnerskoj \u0161koli u Grayu &#8211; Francuska"},"content":{"rendered":"\n<p>Po Odluci broj 06-1525\/19 od 18.11.2019.god.\nodobreno mi je pla\u0107eno odsustvo sa posla u trajanju od 5 radnih dana.Naime,imaju\u0107i\nu vidu saradnju sa \u0161kolom Lycee Professionnal Henri Fertat u gradu Gray u\nFrancuskoj od \u0161kolske 2018\/2019.godine i cilj produbljivanja te\nsaradnje,upu\u0107ena sam na stru\u010dno usavr\u0161avanje u navedenu \u0160kolu,a u pratnji na\u0161ih\nu\u010denika Nuhanovi\u0107 Nuhana,II<sub>3 <\/sub>razred, i Hrelja Samira,II<sub>7 <\/sub>.<\/p>\n\n\n\n<p>&nbsp;&nbsp;&nbsp;&nbsp;&nbsp;&nbsp;&nbsp;&nbsp;&nbsp;&nbsp;\nSlu\u017ebeno putovanje je trajalo 6 dana,od 01.12. do 06.12.2019.\ngodine.Svaki dan boravka u Grayu,od strane doma\u0107ina,bio je detaljno&nbsp; isplaniran i tako i realizovan.Pored na\u0161e\n\u0160kole sa \u0161kolom iz Graya potpisnik sporazuma je i \u0160kola metalskih zanimanja iz\nSarajeva,pa su na ovom putovanju bila i dva u\u010denika iz ove \u0160kole u pratnji\nnastavnika Engleskog jezika,Grabovica Eldina.<\/p>\n\n\n\n<p>&nbsp;&nbsp;&nbsp;&nbsp;&nbsp;&nbsp;&nbsp;&nbsp;&nbsp;&nbsp;&nbsp;\nPutovanje od Sarajeva do Graya se odvijalo na relaciji\nSarajevo-Tuzla-Basell-Gray,a u povratku je bila ista relacija obrnutim\nradoslijedom.Put Sarajevo-Tuzla,i obrnuto smo putovali kombijem na\u0161e\n\u0160kole,relaciju Basell-Gray i obrnuto putovali smo kombijem doma\u0107ina,a najve\u0107i\ndio puta Tuzla- Basell,Basell-Tuzla putovali smo avionom. Tro\u0161kove avioprevoza\nje obezbijedila Francuska ambasada u Sarajevu.<\/p>\n\n\n\n<p>Iz Sarajeva smo krenuli u nedjelju\n01.12.2019.godine u 7<sup>00 <\/sup>sati,a u Grayu smo bili oko 17 sati,gdje smo\nodmah smje\u0161teni u u\u010deni\u010dki internat koji je u sklopu skole u Grayu i koriste ga\nnjihovi u\u010denici od ponedeljka do petka.Organizatori koji su nas do\u010dekali su nam\nprezentovali raspored na\u0161eg boravka u narednim danima.<\/p>\n\n\n\n<p>U ponedjeljak 02.12.2019.godine u 9<sup>00 <\/sup>sati\nbili smo primljeni kod direktora \u0160kole gdje su bili prisutni nastavnici i\nu\u010denici koji su bili u posjeti na\u0161im \u0161kolama.Tom sastanku su se priklju\u010dili i\nnovinari njihovih lokalnih medija,pri \u010demu je na\u0161 Nuhanovi\u0107 dao izjavu na engleskom\njeziku,i tako nas ve\u0107 na po\u010detku dobro predstavio jer su bili odu\u0161evljeni\nnjegovom komunikacijom.<\/p>\n\n\n\n<p>Poslije sastanka smo obi\u0161li \u0161kolu,zatim \u0161kolske\nradionice,a poslije ru\u010dka,koji smo imali u \u0161kolskoj kantini u kojoj se hrane\nsvi,u\u010denici i uposlenici \u0161kole,oti\u0161li smo na lokalitet gdje se nalazi \u0161kola za\nosposobljavanje za zanimanje voza\u010d motornih vozila,a egzistira u sklopu ove\n\u0161kole,Henri Fertet u Grayu. Ovaj dio \u0161kole je dobro opremljen prostorom za\nteoretsku obuku ali i vozilima za obuku iz upravljanja.<\/p>\n\n\n\n<div class=\"wp-block-image\"><figure class=\"aligncenter size-large\"><img fetchpriority=\"high\" decoding=\"async\" width=\"900\" height=\"685\" src=\"https:\/\/ssskskola.edu.ba\/wp-content\/uploads\/2020\/01\/IMG-e50b1838215f5c9a8c7ea01350987625-V.jpg\" alt=\"\" class=\"wp-image-5037\" srcset=\"https:\/\/ssskskola.edu.ba\/wp-content\/uploads\/2020\/01\/IMG-e50b1838215f5c9a8c7ea01350987625-V.jpg 900w, https:\/\/ssskskola.edu.ba\/wp-content\/uploads\/2020\/01\/IMG-e50b1838215f5c9a8c7ea01350987625-V-300x228.jpg 300w, https:\/\/ssskskola.edu.ba\/wp-content\/uploads\/2020\/01\/IMG-e50b1838215f5c9a8c7ea01350987625-V-768x585.jpg 768w\" sizes=\"(max-width: 900px) 100vw, 900px\" \/><\/figure><\/div>\n\n\n\n<p>U utorak 03.12. planirana je posjeta na\u0161ih u\u010denika\n\u010dasovima Engleskog jezika i \u010dasovima Prakti\u010dne nastave u \u0161kolskim radionicama.\nNa engleskom jeziku na\u0161i u\u010denici su ponovo bili mnogo komunikativniji u odnosu\nna njihove u\u010denike. Na prakti\u010dnoj nastavi su se tako\u0111e jako dobro\nsnalazili,me\u0111utim tog dana se u popodnevnim satima desila jedna neugoda&nbsp; situacija na dijelu zgrade \u0161kole koji se\nrenovira pa je nastava bila obustavljena i svi smo se morali udaljiti iz\n\u0161kolskog okru\u017eenja.Prekinuti \u010dasovi Prakti\u010dne nastave su zamijenjeni jednim\nvrlo interesantim obilaskom Graya \u010dije znamenitosti nam je stru\u010dno objasnila\n\u017eena koja se ina\u010de profesionalno bavi tim poslom.<\/p>\n\n\n\n<p>U srijedu 04.12.2019.god. odmah poslije doru\u010dka\nsmo oti\u0161li u posjetu fabrici PEUGEOT gdje smo pored nekoliko proizvodnih linija\nobi\u0161li i vrlo interesantan muzej ove fabrike.Fabrika koju smo posjetili nalazi\nse na oko 200 km od Graya,a druga je po veli\u010dini Peugeot fabrika u Francuskoj.U\nblizini fabrike,tako\u0111er,smo posjetili jedan pred bo\u017ei\u0107ni va\u0161ar gdje smo se\nzadr\u017eali oko 2 sata a zatim smo krenuli za Gray gdje smo stigli u ranim ve\u010dernjim\nsatima.Po dolasku u Gray doma\u0107ini su nas odveli na ve\u010deru u jedan kineski\nrestoran. Tokom ve\u010dere jedna od organizatorica Dalila,pitala je da li je mogu\u0107e\nda se od nas pored dva u\u010denika automehani\u010dara i autoelektri\u010dara po\u0161alje i jo\u0161\njedan u\u010denik koji u \u0161koli u\u010di,ili ve\u0107 zna francuski jezik jer su primijetili da\nje komunikacija na engleskom jeziku malo ote\u017eana.<\/p>\n\n\n\n<p>U \u010detvrtak 05.12.2019.god. doma\u0107ini su odmah\nposlije doru\u010dka odveli na\u0161e u\u010denike u ve\u0107 dogovorene servise u gradu Gray i u\nokolini gdje su u\u010denici ostali do popodne.U servisima su radili ono sto su im\nposlodavci tra\u017eili da urade samo im je problem bila komunikacija jer vrlo\nrijetki Francuzi znaju engleski jezik. Dok su u\u010denici bili u servisima,ja i\nEldin Grabovica smo bili kod direktora na potpisivanju sporazuma o daljoj\nsaradnji izme\u0111u na\u0161e tri \u0161kole.<\/p>\n\n\n\n<p>Kako smo dobili \u0161kolsko vozilo na kori\u0161tenje,taj dan smo po povratku u\u010denika iz servisa oti\u0161li u Dijon,prvi ve\u0107i grad kod Graya koji se nalazi na nekih pedesetak kilometara.<\/p>\n\n\n\n<p>U petak 06.12.2019.god. u 9<sup>00 <\/sup>sati ponovo smo bili primljeni kod direktora \u0160kole gdje\u00a0 smo razmijenili kona\u010dne utiske sa ovog boravka u njihovoj \u0160koli. Doma\u0107ini su nam uru\u010dili prigodne poklone,pozdravili smo se, izrazili zahvalnost na gostoprimstvu i po\u017eeljeli smo skoro vi\u0111enje u Sarajevu. Naime,orjentaciono je dogovoreno da \u0107e nama Francuzi do\u0107i u prvoj sedmici juna 2020.godine. Oko 10<sup>00 <\/sup>sati \u0161kolskim kombijem smo renuli za Basell odakle je let za Tuzlu bio u 14<sup>30 <\/sup>sati.Na aerodromu u Tuzli nas je do\u010dekao na\u0161 kombi,a u Sarajevu smo bili oko 21<sup>00 <\/sup>sat.<\/p>\n\n\n\n<p>&nbsp;&nbsp;&nbsp;&nbsp;&nbsp;&nbsp;&nbsp;&nbsp;&nbsp;&nbsp;&nbsp;&nbsp;&nbsp;\nOvo putovanje u mom dugogodi\u0161njem radu,na samom kraju moje radne\nkarijere mi je pru\u017eilo jako veliko zadovoljstvo,stekla sam druge i druga\u010dije\nvidike.Uo\u010dila sam da se mladi ljudi,u\u010denici,sistemski mogu uvesti u odgovaraju\u0107i\nred,da po tim pravilima \u017eive,rade i po\u0161tuju ih u svakom smislu. Na\u0161i u\u010denici su\nse jako dobro prilagodili tom na\u010dinu funkionisanja.Vidjela sam da \u0161kole pored\ndoniranih sredstava za rad u radionicama od strane automobilske industrije,jako\nmnogo automobila i motora dobijaju i od policije.Naime, sve \u0161to je oduzeto od\nstrane policije jer je u\u010destvovalo na neki na\u010din u nelegalnim radnjama,zavr\u0161i u\n\u0161kolskim radionicama.<\/p>\n\n\n\n<p>\u00a0\u00a0\u00a0\u00a0\u00a0\u00a0\u00a0\u00a0\u00a0\u00a0\u00a0\u00a0\u00a0 Od na\u0161ih u\u010denika sam saznala da su odu\u0161evljeni ovim boravkom u Grayu.To im je vrlo zna\u010dajno \u017eivotno iskustvo.Odu\u0161evili su se kako su opremljene \u0161kolske radionice,lali su uo\u010dili da oni na drugi na\u010din u\u010de. Samostalno pomo\u0107u \u0161ema,slika i sredstava za rad dolaze do nekih saznanja koja provjerava nastavnik. Jedino im je falilo bolje komunikacije,jer Francuzi,pa mogli bismo re\u0107i,slabije komuniciraju na engleskom jeziku.Me\u0111utim, i ta je prepreka prevazi\u0111ena jer je sa na\u0161im u\u010denicima,naj\u010de\u0161\u0107e bio Eldar,u\u010denik \u0161kole iz Graya,po porijeklu Bosanac,koji jako dobro govori bosanski jezik.<\/p>\n\n\n\n<p>[simple_google_photos_grid     album-url=&#8221;https:\/\/photos.app.goo.gl\/La57iBgFiHeLJQAw9&#8243;              number-photos=&#8221;30&#8243; number-photos-per-row=&#8221;5&#8243; cache-interval=&#8221;120&#8243;]   <\/p>\n","protected":false},"excerpt":{"rendered":"<p>Ovo putovanje u mom dugogodi\u0161njem radu,na samom kraju moje radne karijere mi je pru\u017eilo jako veliko zadovoljstvo,stekla sam druge i druga\u010dije vidike.Uo\u010dila sam da se mladi ljudi,u\u010denici,sistemski mogu uvesti u odgovaraju\u0107i red,da po tim pravilima \u017eive,rade i po\u0161tuju ih u svakom smislu. Na\u0161i u\u010denici su se jako dobro prilagodili tom na\u010dinu funkionisanja.<\/p>\n","protected":false},"author":1,"featured_media":5037,"comment_status":"closed","ping_status":"closed","sticky":false,"template":"","format":"standard","meta":{"_jetpack_memberships_contains_paid_content":false,"footnotes":"","jetpack_publicize_message":"","jetpack_publicize_feature_enabled":true,"jetpack_social_post_already_shared":false,"jetpack_social_options":{"image_generator_settings":{"template":"highway","default_image_id":0,"font":"","enabled":false},"version":2}},"categories":[2,274],"tags":[228,229,319,227],"class_list":["post-5036","post","type-post","status-publish","format-standard","has-post-thumbnail","hentry","category-aktualnosti","category-izleti-i-posjete","tag-francuska","tag-gray","tag-peugeot","tag-posjeta"],"jetpack_publicize_connections":[],"jetpack_featured_media_url":"https:\/\/ssskskola.edu.ba\/wp-content\/uploads\/2020\/01\/IMG-e50b1838215f5c9a8c7ea01350987625-V.jpg","jetpack_sharing_enabled":true,"_links":{"self":[{"href":"https:\/\/ssskskola.edu.ba\/index.php?rest_route=\/wp\/v2\/posts\/5036","targetHints":{"allow":["GET"]}}],"collection":[{"href":"https:\/\/ssskskola.edu.ba\/index.php?rest_route=\/wp\/v2\/posts"}],"about":[{"href":"https:\/\/ssskskola.edu.ba\/index.php?rest_route=\/wp\/v2\/types\/post"}],"author":[{"embeddable":true,"href":"https:\/\/ssskskola.edu.ba\/index.php?rest_route=\/wp\/v2\/users\/1"}],"replies":[{"embeddable":true,"href":"https:\/\/ssskskola.edu.ba\/index.php?rest_route=%2Fwp%2Fv2%2Fcomments&post=5036"}],"version-history":[{"count":2,"href":"https:\/\/ssskskola.edu.ba\/index.php?rest_route=\/wp\/v2\/posts\/5036\/revisions"}],"predecessor-version":[{"id":5040,"href":"https:\/\/ssskskola.edu.ba\/index.php?rest_route=\/wp\/v2\/posts\/5036\/revisions\/5040"}],"wp:featuredmedia":[{"embeddable":true,"href":"https:\/\/ssskskola.edu.ba\/index.php?rest_route=\/wp\/v2\/media\/5037"}],"wp:attachment":[{"href":"https:\/\/ssskskola.edu.ba\/index.php?rest_route=%2Fwp%2Fv2%2Fmedia&parent=5036"}],"wp:term":[{"taxonomy":"category","embeddable":true,"href":"https:\/\/ssskskola.edu.ba\/index.php?rest_route=%2Fwp%2Fv2%2Fcategories&post=5036"},{"taxonomy":"post_tag","embeddable":true,"href":"https:\/\/ssskskola.edu.ba\/index.php?rest_route=%2Fwp%2Fv2%2Ftags&post=5036"}],"curies":[{"name":"wp","href":"https:\/\/api.w.org\/{rel}","templated":true}]}}