{"id":5272,"date":"2020-03-09T12:07:57","date_gmt":"2020-03-09T11:07:57","guid":{"rendered":"http:\/\/ssskskola.edu.ba\/?p=5272"},"modified":"2020-03-09T12:32:48","modified_gmt":"2020-03-09T11:32:48","slug":"sedmica-izgradnje-mira-i-zenske-solidarnosti-panel-diskusija-povodom-dana-zena","status":"publish","type":"post","link":"https:\/\/ssskskola.edu.ba\/?p=5272","title":{"rendered":"Sedmica izgradnje mira i \u017eenske solidarnosti &#8211; Panel diskusija povodom Dana \u017eena"},"content":{"rendered":"\n<figure class=\"wp-block-image size-large\"><img fetchpriority=\"high\" decoding=\"async\" width=\"800\" height=\"600\" src=\"https:\/\/ssskskola.edu.ba\/wp-content\/uploads\/2020\/03\/IMG-3bbad1ee7d0bc0609252aa3997929ea7-V.jpg\" alt=\"\" class=\"wp-image-5273\" srcset=\"https:\/\/ssskskola.edu.ba\/wp-content\/uploads\/2020\/03\/IMG-3bbad1ee7d0bc0609252aa3997929ea7-V.jpg 800w, https:\/\/ssskskola.edu.ba\/wp-content\/uploads\/2020\/03\/IMG-3bbad1ee7d0bc0609252aa3997929ea7-V-300x225.jpg 300w, https:\/\/ssskskola.edu.ba\/wp-content\/uploads\/2020\/03\/IMG-3bbad1ee7d0bc0609252aa3997929ea7-V-768x576.jpg 768w\" sizes=\"(max-width: 800px) 100vw, 800px\" \/><\/figure>\n\n\n\n<p>Povodom\nMe\u0111unarodnog dana \u017eena, a u okviru Sedmice za izgradnju mira i \u017eenske\nsolidarnosti, Srednja \u0161kola za saobra\u0107aj i komunikacije je zajedno sa Mre\u017eom za\nizgradnju mira i Bo\u0161nja\u010dkim institutom u\u010destvovala u organizaciji panel\ndiskusije koja je odr\u017eana 6.3.2020. godine u prostorijama Bo\u0161nja\u010dkg instituta u\nSarajevu. <\/p>\n\n\n\n<p>U navedenoj\ndiskusiji govornice su bile:<\/p>\n\n\n\n<ul class=\"wp-block-list\"><li>Njena\nekselencija Zorica Bukinac, ambasadorica Republike Slovenije u BiH<\/li><li>Dr. Ruth\nWiseman, zamjenica ambasadora Velike Britanije u BiH<\/li><li>Nicola Ann\nHardwick, zamjenica ambasadorice Austrije u BiH<\/li><li>Ljuljjeta\nGoranci Brki\u0107, direktorica Nansen dijalog centra <\/li><li>Maja Gasal\nVra\u017ealica, &nbsp;direktorica Akademije za \u017eene\n<\/li><\/ul>\n\n\n\n<p>Cilj navedene panel diskusije je bio da 5 sna\u017enih \u00a0\u017eena iz civilnog dru\u0161tva govori o svojim iskustvima, radu i uspjehu, te da li se njima, prije svega kao \u017eenama, bilo lako probiti kroz dru\u0161tva u kojima ipak i dalje dominiraju mu\u0161karci. Cilj nam je bio i da kroz navedene pozitivne pri\u010de o ravnopravnosti polova, motiviramo mlade da se bore za ravnopravnost i da poka\u017eemo da ni\u0161ta nije\u00a0nemogu\u0107e, potreban je samo ve\u0107i anga\u017eman, vi\u0161e u\u010diti i napornije raditi. Ispred Srednje \u0161kole za saobra\u0107aj i komunikacije u navedenoj panel diskusiji u\u010destvovale su u\u010denice II-1 i IV-1b odjeljenja na\u0161e \u0161kole, u pratnji pomo\u0107nika direktora za nastavu prof. Meki\u0107 Melise i psihologa \u0161kole prof. Omerba\u0161i\u0107 Ma\u0161e. <\/p>\n\n\n\n<p> [simple_google_photos_grid        album-url=&#8221;https:\/\/photos.app.goo.gl\/3Hw1ArKoYzWUqHWU8&#8243;        number-photos=&#8221;12&#8243; number-photos-per-row=&#8221;4&#8243; cache-interval=&#8221;120&#8243;]    <\/p>\n","protected":false},"excerpt":{"rendered":"<p>Povodom Me\u0111unarodnog dana \u017eena, a u okviru Sedmice za izgradnju mira i \u017eenske solidarnosti, Srednja \u0161kola za saobra\u0107aj i komunikacije je zajedno sa Mre\u017eom za izgradnju mira i Bo\u0161nja\u010dkim institutom u\u010destvovala u organizaciji panel diskusije koja je odr\u017eana 6.3.2020. godine u prostorijama Bo\u0161nja\u010dkg instituta u Sarajevu. <\/p>\n","protected":false},"author":1,"featured_media":5273,"comment_status":"closed","ping_status":"closed","sticky":false,"template":"","format":"standard","meta":{"_jetpack_memberships_contains_paid_content":false,"footnotes":"","jetpack_publicize_message":"","jetpack_publicize_feature_enabled":true,"jetpack_social_post_already_shared":false,"jetpack_social_options":{"image_generator_settings":{"template":"highway","default_image_id":0,"font":"","enabled":false},"version":2}},"categories":[2,274,1],"tags":[],"class_list":["post-5272","post","type-post","status-publish","format-standard","has-post-thumbnail","hentry","category-aktualnosti","category-izleti-i-posjete","category-uncategorized"],"jetpack_publicize_connections":[],"jetpack_featured_media_url":"https:\/\/ssskskola.edu.ba\/wp-content\/uploads\/2020\/03\/IMG-3bbad1ee7d0bc0609252aa3997929ea7-V.jpg","jetpack_sharing_enabled":true,"_links":{"self":[{"href":"https:\/\/ssskskola.edu.ba\/index.php?rest_route=\/wp\/v2\/posts\/5272","targetHints":{"allow":["GET"]}}],"collection":[{"href":"https:\/\/ssskskola.edu.ba\/index.php?rest_route=\/wp\/v2\/posts"}],"about":[{"href":"https:\/\/ssskskola.edu.ba\/index.php?rest_route=\/wp\/v2\/types\/post"}],"author":[{"embeddable":true,"href":"https:\/\/ssskskola.edu.ba\/index.php?rest_route=\/wp\/v2\/users\/1"}],"replies":[{"embeddable":true,"href":"https:\/\/ssskskola.edu.ba\/index.php?rest_route=%2Fwp%2Fv2%2Fcomments&post=5272"}],"version-history":[{"count":8,"href":"https:\/\/ssskskola.edu.ba\/index.php?rest_route=\/wp\/v2\/posts\/5272\/revisions"}],"predecessor-version":[{"id":5282,"href":"https:\/\/ssskskola.edu.ba\/index.php?rest_route=\/wp\/v2\/posts\/5272\/revisions\/5282"}],"wp:featuredmedia":[{"embeddable":true,"href":"https:\/\/ssskskola.edu.ba\/index.php?rest_route=\/wp\/v2\/media\/5273"}],"wp:attachment":[{"href":"https:\/\/ssskskola.edu.ba\/index.php?rest_route=%2Fwp%2Fv2%2Fmedia&parent=5272"}],"wp:term":[{"taxonomy":"category","embeddable":true,"href":"https:\/\/ssskskola.edu.ba\/index.php?rest_route=%2Fwp%2Fv2%2Fcategories&post=5272"},{"taxonomy":"post_tag","embeddable":true,"href":"https:\/\/ssskskola.edu.ba\/index.php?rest_route=%2Fwp%2Fv2%2Ftags&post=5272"}],"curies":[{"name":"wp","href":"https:\/\/api.w.org\/{rel}","templated":true}]}}