{"id":5423,"date":"2020-04-30T09:09:34","date_gmt":"2020-04-30T08:09:34","guid":{"rendered":"http:\/\/ssskskola.edu.ba\/?p=5423"},"modified":"2020-04-30T09:09:35","modified_gmt":"2020-04-30T08:09:35","slug":"prvi-maj-praznik-rada-2020-godine","status":"publish","type":"post","link":"https:\/\/ssskskola.edu.ba\/?p=5423","title":{"rendered":"Prvi maj \u2013 praznik rada 2020. godine"},"content":{"rendered":"\n<div class=\"wp-block-image\"><figure class=\"aligncenter size-large\"><img fetchpriority=\"high\" decoding=\"async\" width=\"510\" height=\"213\" src=\"https:\/\/ssskskola.edu.ba\/wp-content\/uploads\/2019\/04\/prvi-maj-praznik-rada.jpg\" alt=\"\" class=\"wp-image-4451\" srcset=\"https:\/\/ssskskola.edu.ba\/wp-content\/uploads\/2019\/04\/prvi-maj-praznik-rada.jpg 510w, https:\/\/ssskskola.edu.ba\/wp-content\/uploads\/2019\/04\/prvi-maj-praznik-rada-300x125.jpg 300w\" sizes=\"(max-width: 510px) 100vw, 510px\" \/><figcaption>1. maj &#8211; Praznik rada<\/figcaption><\/figure><\/div>\n\n\n\n<p>Koristimo priliku da svim na\u0161im u\u010denicima, njihovim roditeljima, uposlenicima \u0161kole, kao i svim gra\u0111anima Bosne i Hercegovine \u010destitamo <strong>01. maj, praznik rada<\/strong>, uz napomenu da je 01. maj 2020. godine (petak) neradni i nenastvani dan.<\/p>\n","protected":false},"excerpt":{"rendered":"<p>Koristimo priliku da svim na\u0161im u\u010denicima, njihovim roditeljima, uposlenicima \u0161kole, kao i svim gra\u0111anima Bosne i Hercegovine \u010destitamo 01. maj, praznik rada, uz napomenu da je 01. maj 2020. godine (petak) neradni i nenastvani dan.<\/p>\n","protected":false},"author":1,"featured_media":4451,"comment_status":"closed","ping_status":"closed","sticky":false,"template":"","format":"standard","meta":{"_jetpack_memberships_contains_paid_content":false,"footnotes":"","jetpack_publicize_message":"","jetpack_publicize_feature_enabled":true,"jetpack_social_post_already_shared":false,"jetpack_social_options":{"image_generator_settings":{"template":"highway","default_image_id":0,"font":"","enabled":false},"version":2}},"categories":[2,1],"tags":[153,152],"class_list":["post-5423","post","type-post","status-publish","format-standard","has-post-thumbnail","hentry","category-aktualnosti","category-uncategorized","tag-praznik-rada","tag-prvi-maj"],"jetpack_publicize_connections":[],"jetpack_featured_media_url":"https:\/\/ssskskola.edu.ba\/wp-content\/uploads\/2019\/04\/prvi-maj-praznik-rada.jpg","jetpack_sharing_enabled":true,"_links":{"self":[{"href":"https:\/\/ssskskola.edu.ba\/index.php?rest_route=\/wp\/v2\/posts\/5423","targetHints":{"allow":["GET"]}}],"collection":[{"href":"https:\/\/ssskskola.edu.ba\/index.php?rest_route=\/wp\/v2\/posts"}],"about":[{"href":"https:\/\/ssskskola.edu.ba\/index.php?rest_route=\/wp\/v2\/types\/post"}],"author":[{"embeddable":true,"href":"https:\/\/ssskskola.edu.ba\/index.php?rest_route=\/wp\/v2\/users\/1"}],"replies":[{"embeddable":true,"href":"https:\/\/ssskskola.edu.ba\/index.php?rest_route=%2Fwp%2Fv2%2Fcomments&post=5423"}],"version-history":[{"count":1,"href":"https:\/\/ssskskola.edu.ba\/index.php?rest_route=\/wp\/v2\/posts\/5423\/revisions"}],"predecessor-version":[{"id":5424,"href":"https:\/\/ssskskola.edu.ba\/index.php?rest_route=\/wp\/v2\/posts\/5423\/revisions\/5424"}],"wp:featuredmedia":[{"embeddable":true,"href":"https:\/\/ssskskola.edu.ba\/index.php?rest_route=\/wp\/v2\/media\/4451"}],"wp:attachment":[{"href":"https:\/\/ssskskola.edu.ba\/index.php?rest_route=%2Fwp%2Fv2%2Fmedia&parent=5423"}],"wp:term":[{"taxonomy":"category","embeddable":true,"href":"https:\/\/ssskskola.edu.ba\/index.php?rest_route=%2Fwp%2Fv2%2Fcategories&post=5423"},{"taxonomy":"post_tag","embeddable":true,"href":"https:\/\/ssskskola.edu.ba\/index.php?rest_route=%2Fwp%2Fv2%2Ftags&post=5423"}],"curies":[{"name":"wp","href":"https:\/\/api.w.org\/{rel}","templated":true}]}}