{"id":6811,"date":"2021-12-13T08:27:10","date_gmt":"2021-12-13T07:27:10","guid":{"rendered":"http:\/\/ssskskola.edu.ba\/?p=6811"},"modified":"2021-12-13T09:04:22","modified_gmt":"2021-12-13T08:04:22","slug":"10-decembar-medjunarodni-dan-ljudskih-prava-3","status":"publish","type":"post","link":"https:\/\/ssskskola.edu.ba\/?p=6811","title":{"rendered":"Sedmica ljudskih prava"},"content":{"rendered":"\n<p>External<\/p>\n\n\n\n<div class=\"wp-block-image\"><figure class=\"aligncenter size-large\"><img fetchpriority=\"high\" decoding=\"async\" width=\"1024\" height=\"768\" src=\"https:\/\/ssskskola.edu.ba\/wp-content\/uploads\/2021\/12\/IMG_20211210_1729211-1024x768.jpg\" alt=\"\" class=\"wp-image-6813\" srcset=\"https:\/\/ssskskola.edu.ba\/wp-content\/uploads\/2021\/12\/IMG_20211210_1729211-1024x768.jpg 1024w, https:\/\/ssskskola.edu.ba\/wp-content\/uploads\/2021\/12\/IMG_20211210_1729211-300x225.jpg 300w, https:\/\/ssskskola.edu.ba\/wp-content\/uploads\/2021\/12\/IMG_20211210_1729211-768x576.jpg 768w, https:\/\/ssskskola.edu.ba\/wp-content\/uploads\/2021\/12\/IMG_20211210_1729211-1536x1152.jpg 1536w, https:\/\/ssskskola.edu.ba\/wp-content\/uploads\/2021\/12\/IMG_20211210_1729211-2048x1536.jpg 2048w\" sizes=\"(max-width: 1024px) 100vw, 1024px\" \/><\/figure><\/div>\n\n\n\n<p>Dana 10. decembra na Me\u0111unarodni dan ljudskih prava u\u010denice Srednje \u0161kole za saobra\u0107aj i komunikacije Sarajevo \u0160abovi\u0107 Alta III-1, Mujezinovi\u0107 Aida i Musi\u0107 Almira III-2 su sa profesorom Igorom Smiljani\u0107em prisustvovale sve\u010danom otvaranju izlo\u017ebe pod nazivom&nbsp; &#8220;Borba protiv antisemitizma, islamofobije i ksenofobije&#8221; koja je otvorena u prostorijama gelerije&nbsp; &#8220;Novi hram&#8221;.<\/p>\n\n\n\n<p>Ova izlo\u017eba je organizovana od strane udru\u017eenja \u201eLa Benevolencija\u201c uz podr\u0161ku Vije\u0107a Evrope i TPO fondacije iz Sarajeva, a otvorio ju je gospodin Jakob Finci. Na izlo\u017ebi su predstavljeni radovi u\u010denika &nbsp;Srednja \u0161kole za tekstil, ko\u017eu i dizajn Sarajevo pod vodstvom prof. Alme Ahmethod\u017ei\u0107.<\/p>\n\n\n\n<p>Na ovaj simboli\u010dan na\u010din u\u010denice na\u0161e \u0161kole su se pridru\u017eile obilje\u017eavanju Sedmice ljudskih prava u kojoj na\u0161a \u0161kola u\u010destvuje sa Srednjom medicinskom \u0161kolom Sarajevo, Srednom \u0161kolom za stru\u010dno i radno osposobljavanje Sarajevo i&nbsp; Srednjom \u0161kolom za tekstil, ko\u017eu i dizajn Sarajevo.&nbsp;<\/p>\n\n\n<p><iframe src=\"https:\/\/www.facebook.com\/plugins\/post.php?href=https%3A%2F%2Fwww.facebook.com%2Fssskskolasarajevo%2Fposts%2F1238028126695515&amp;show_text=true&amp;width=500\" style=\"border:none;overflow:hidden\" scrolling=\"no\" allowfullscreen=\"true\" allow=\"autoplay; clipboard-write; encrypted-media; picture-in-picture; web-share\" width=\"500\" height=\"781\" frameborder=\"0\"><\/iframe><\/p>\n","protected":false},"excerpt":{"rendered":"<p>External Dana 10. decembra na Me\u0111unarodni dan ljudskih prava u\u010denice Srednje \u0161kole za saobra\u0107aj i komunikacije Sarajevo \u0160abovi\u0107 Alta III-1, Mujezinovi\u0107 Aida i Musi\u0107 Almira III-2 su sa profesorom Igorom Smiljani\u0107em prisustvovale sve\u010danom otvaranju&#46;&#46;&#46;<\/p>\n","protected":false},"author":1,"featured_media":6813,"comment_status":"closed","ping_status":"closed","sticky":false,"template":"","format":"standard","meta":{"_jetpack_memberships_contains_paid_content":false,"footnotes":"","jetpack_publicize_message":"","jetpack_publicize_feature_enabled":true,"jetpack_social_post_already_shared":false,"jetpack_social_options":{"image_generator_settings":{"template":"highway","default_image_id":0,"font":"","enabled":false},"version":2}},"categories":[2,187,1],"tags":[],"class_list":["post-6811","post","type-post","status-publish","format-standard","has-post-thumbnail","hentry","category-aktualnosti","category-civitas","category-uncategorized"],"jetpack_publicize_connections":[],"jetpack_featured_media_url":"https:\/\/ssskskola.edu.ba\/wp-content\/uploads\/2021\/12\/IMG_20211210_1729211-scaled.jpg","jetpack_sharing_enabled":true,"_links":{"self":[{"href":"https:\/\/ssskskola.edu.ba\/index.php?rest_route=\/wp\/v2\/posts\/6811","targetHints":{"allow":["GET"]}}],"collection":[{"href":"https:\/\/ssskskola.edu.ba\/index.php?rest_route=\/wp\/v2\/posts"}],"about":[{"href":"https:\/\/ssskskola.edu.ba\/index.php?rest_route=\/wp\/v2\/types\/post"}],"author":[{"embeddable":true,"href":"https:\/\/ssskskola.edu.ba\/index.php?rest_route=\/wp\/v2\/users\/1"}],"replies":[{"embeddable":true,"href":"https:\/\/ssskskola.edu.ba\/index.php?rest_route=%2Fwp%2Fv2%2Fcomments&post=6811"}],"version-history":[{"count":3,"href":"https:\/\/ssskskola.edu.ba\/index.php?rest_route=\/wp\/v2\/posts\/6811\/revisions"}],"predecessor-version":[{"id":6816,"href":"https:\/\/ssskskola.edu.ba\/index.php?rest_route=\/wp\/v2\/posts\/6811\/revisions\/6816"}],"wp:featuredmedia":[{"embeddable":true,"href":"https:\/\/ssskskola.edu.ba\/index.php?rest_route=\/wp\/v2\/media\/6813"}],"wp:attachment":[{"href":"https:\/\/ssskskola.edu.ba\/index.php?rest_route=%2Fwp%2Fv2%2Fmedia&parent=6811"}],"wp:term":[{"taxonomy":"category","embeddable":true,"href":"https:\/\/ssskskola.edu.ba\/index.php?rest_route=%2Fwp%2Fv2%2Fcategories&post=6811"},{"taxonomy":"post_tag","embeddable":true,"href":"https:\/\/ssskskola.edu.ba\/index.php?rest_route=%2Fwp%2Fv2%2Ftags&post=6811"}],"curies":[{"name":"wp","href":"https:\/\/api.w.org\/{rel}","templated":true}]}}