{"id":6826,"date":"2021-12-16T13:36:40","date_gmt":"2021-12-16T12:36:40","guid":{"rendered":"http:\/\/ssskskola.edu.ba\/?p=6826"},"modified":"2021-12-16T13:36:41","modified_gmt":"2021-12-16T12:36:41","slug":"sedmica-ljudskih-prava","status":"publish","type":"post","link":"https:\/\/ssskskola.edu.ba\/?p=6826","title":{"rendered":"Sedmica ljudskih prava"},"content":{"rendered":"\n<div class=\"wp-block-image\"><figure class=\"aligncenter size-large\"><img fetchpriority=\"high\" decoding=\"async\" width=\"1024\" height=\"768\" src=\"https:\/\/ssskskola.edu.ba\/wp-content\/uploads\/2021\/12\/IMG-a21916f9746b1b1e18968afccc56353b-V-1024x768.jpg\" alt=\"\" class=\"wp-image-6828\" srcset=\"https:\/\/ssskskola.edu.ba\/wp-content\/uploads\/2021\/12\/IMG-a21916f9746b1b1e18968afccc56353b-V-1024x768.jpg 1024w, https:\/\/ssskskola.edu.ba\/wp-content\/uploads\/2021\/12\/IMG-a21916f9746b1b1e18968afccc56353b-V-300x225.jpg 300w, https:\/\/ssskskola.edu.ba\/wp-content\/uploads\/2021\/12\/IMG-a21916f9746b1b1e18968afccc56353b-V-768x576.jpg 768w, https:\/\/ssskskola.edu.ba\/wp-content\/uploads\/2021\/12\/IMG-a21916f9746b1b1e18968afccc56353b-V-1536x1152.jpg 1536w, https:\/\/ssskskola.edu.ba\/wp-content\/uploads\/2021\/12\/IMG-a21916f9746b1b1e18968afccc56353b-V.jpg 1600w\" sizes=\"(max-width: 1024px) 100vw, 1024px\" \/><\/figure><\/div>\n\n\n\n<p>U okviru obilje\u017eavanja Sedmice ljudskih prava posve\u0107ene 10. decembru &#8211; Me\u0111unarodnom danu ljudskih prava u\u010denici i u\u010denice tre\u0107ih razreda Srednje \u0161kole za saobra\u0107aj i komunikacije Sarajevo su prisustvovali radionicama koje su za cilj imale naglasiti zna\u010daj Univerzalne deklaracije i Ustava BiH u za\u0161titi ljudskog dostojanstva.<br>U\u010denici su upore\u0111ivali koji su to \u010dlanovi iz deklaracije propisani u Ustavu BiH i entitetskim ustavima i kako to ustav \u0161titi na\u0161a prava.<br>Sedmica ljudskih prava je organizovana od strane profesora Alme Ahmethod\u017ei\u0107 i Igora Smiljani\u0107a koji ovim putem \u017eele ukazati na zna\u010daj me\u0111upredmetnog povezivanja u dostizanju ishoda predvi\u0111enih Zajedni\u010dkim jezgrom nastavnih planova i programa za dru\u0161tveno &#8211; humanisti\u010dko podru\u010dje (ZJNPP).<br>Pored na\u0161e \u0161kole u obilje\u017eavanju sedmice u\u010destvuju i Srednja \u0161kola za tekstil, ko\u017eu i dizajn Sarajevo, Srednja medicinska \u0161kola Sarajevo, Srednja \u0161kola za stru\u010dno obrazovanje i radno osposobljavanje Sarajevo.<\/p>\n\n\n<p><iframe src=\"https:\/\/www.facebook.com\/plugins\/post.php?href=https%3A%2F%2Fwww.facebook.com%2Fssskskolasarajevo%2Fposts%2F1239977593167235&#038;show_text=true&#038;width=500\" width=\"500\" height=\"781\" style=\"border:none;overflow:hidden\" scrolling=\"no\" frameborder=\"0\" allowfullscreen=\"true\" allow=\"autoplay; clipboard-write; encrypted-media; picture-in-picture; web-share\"><\/iframe><\/p>\n","protected":false},"excerpt":{"rendered":"<p>U okviru obilje\u017eavanja Sedmice ljudskih prava posve\u0107ene 10. decembru &#8211; Me\u0111unarodnom danu ljudskih prava u\u010denici i u\u010denice tre\u0107ih razreda Srednje \u0161kole za saobra\u0107aj i komunikacije Sarajevo su prisustvovali radionicama koje su za cilj imale&#46;&#46;&#46;<\/p>\n","protected":false},"author":1,"featured_media":6828,"comment_status":"closed","ping_status":"closed","sticky":false,"template":"","format":"standard","meta":{"_jetpack_memberships_contains_paid_content":false,"footnotes":"","jetpack_publicize_message":"","jetpack_publicize_feature_enabled":true,"jetpack_social_post_already_shared":false,"jetpack_social_options":{"image_generator_settings":{"template":"highway","default_image_id":0,"font":"","enabled":false},"version":2}},"categories":[2,187,1],"tags":[],"class_list":["post-6826","post","type-post","status-publish","format-standard","has-post-thumbnail","hentry","category-aktualnosti","category-civitas","category-uncategorized"],"jetpack_publicize_connections":[],"jetpack_featured_media_url":"https:\/\/ssskskola.edu.ba\/wp-content\/uploads\/2021\/12\/IMG-a21916f9746b1b1e18968afccc56353b-V.jpg","jetpack_sharing_enabled":true,"_links":{"self":[{"href":"https:\/\/ssskskola.edu.ba\/index.php?rest_route=\/wp\/v2\/posts\/6826","targetHints":{"allow":["GET"]}}],"collection":[{"href":"https:\/\/ssskskola.edu.ba\/index.php?rest_route=\/wp\/v2\/posts"}],"about":[{"href":"https:\/\/ssskskola.edu.ba\/index.php?rest_route=\/wp\/v2\/types\/post"}],"author":[{"embeddable":true,"href":"https:\/\/ssskskola.edu.ba\/index.php?rest_route=\/wp\/v2\/users\/1"}],"replies":[{"embeddable":true,"href":"https:\/\/ssskskola.edu.ba\/index.php?rest_route=%2Fwp%2Fv2%2Fcomments&post=6826"}],"version-history":[{"count":3,"href":"https:\/\/ssskskola.edu.ba\/index.php?rest_route=\/wp\/v2\/posts\/6826\/revisions"}],"predecessor-version":[{"id":6830,"href":"https:\/\/ssskskola.edu.ba\/index.php?rest_route=\/wp\/v2\/posts\/6826\/revisions\/6830"}],"wp:featuredmedia":[{"embeddable":true,"href":"https:\/\/ssskskola.edu.ba\/index.php?rest_route=\/wp\/v2\/media\/6828"}],"wp:attachment":[{"href":"https:\/\/ssskskola.edu.ba\/index.php?rest_route=%2Fwp%2Fv2%2Fmedia&parent=6826"}],"wp:term":[{"taxonomy":"category","embeddable":true,"href":"https:\/\/ssskskola.edu.ba\/index.php?rest_route=%2Fwp%2Fv2%2Fcategories&post=6826"},{"taxonomy":"post_tag","embeddable":true,"href":"https:\/\/ssskskola.edu.ba\/index.php?rest_route=%2Fwp%2Fv2%2Ftags&post=6826"}],"curies":[{"name":"wp","href":"https:\/\/api.w.org\/{rel}","templated":true}]}}