{"id":8008,"date":"2023-02-22T14:46:15","date_gmt":"2023-02-22T13:46:15","guid":{"rendered":"https:\/\/ssskskola.edu.ba\/?p=8008"},"modified":"2023-02-22T15:25:46","modified_gmt":"2023-02-22T14:25:46","slug":"dan-ruzicastih-majica-2","status":"publish","type":"post","link":"https:\/\/ssskskola.edu.ba\/?p=8008","title":{"rendered":"Dan ru\u017ei\u010dastih majica"},"content":{"rendered":"<div class=\"wp-block-image\">\n<figure class=\"aligncenter size-large\"><img decoding=\"async\" src=\"https:\/\/lh3.googleusercontent.com\/lFFGHC8Zs7DbelioNmtVRC8GvL71-LoPsW8w1j32w4XDNoChXv2e9lX0aFr_Q6nBEL6qEZez2mBizW5d0PXWeHha2RZ0zW_o_V5pD3z1YO17aIE0YSob00sOYrr9tmgAqlgXP6myZ2PJZJcY7zIRzVmBLzIBiIkKLXaYkiZ0TLenJ1u1Fi27l7lQu8jk4sIaGi20T8YPqXgydQhFKykgfejWQupB4yfS3TtvzjNzrOT82Cy0Fcb0IMauBYMaWsQey79PpxX20h6HIFSXv--MeGE77xQmwMKpSjIIROjBg8zN-pe8fuHHzeFmgn0_A04mUUOjcrDZ9j0f8nSHgRcvEBPM0aRRv42jT4YbFMAnKJsRJftzT4o3Pws22LP-imvgVztQVZVbMEzwd5MSUb98JBls36CzMbtqZ-iOftR1HTE2o7anFEuEY2yrt67QX6TJqK88criWaXRTe65tkpmkSa-H9GWYrxnenAilIc4TiMHTFby8Akpnfyji6bgq76x3q6qbBVgnkKQinYyCckUU9yV-XR5QLCvq2MZSMFtFczDDpl5tj2YRn4IetHplH_x6lgB20MDJuO8ZwEA5Sm1NqBYV-US5dpXgELtgTwAKhYX-7P4qZIYPMM6u8vAG6ytr1mowejH7ETo7iYHSjNiWhWkqY8nm3uOLO2oAX68wLtUDb7l40-zKPeYXyoo5nZvAtM20WThfwBkyo5bW6DWlYV9ph7_8wkQruK7X0d1NDUuZBHzi9r9nexE8cokir0UgVRQKnXEnpozaotP2f0nsWQAspybDeeARVblX0BVAAcZ8DrW0FfeNvaPjXc-CIrOq0bz2eHbsKuRTknWZrm2Jl-mCBQcxWwCRQRLtpjPTbwsdzHkyQUE3olMWgRkLyW1nON8Wgf_RQ5qm-X8SARIWelBdmUC5LtIeQyLYlmIgv8sKfvgJfw=w1199-h900-no?authuser=0\" alt=\"\"\/><\/figure>\n<\/div>\n\n<p>Povodom Dana ru\u017ei\u010dastih majica, koji se obilje\u017eava u februaru svake godine u\u010denici JU Srednja \u0161kola za saobra\u0107aj i komunikacije Sarajevo u saradnji sa pedago\u0161ko-psiholo\u0161kom slu\u017ebom \u0161kole organizovali su vi\u0161e aktivnosti:<\/p>\n<ol>\n<li>Na \u010dasovima odjeljenjskih zajednica razgovarali su o ovom danu i njegovom zna\u010daju.<\/li>\n<li>Dana 22.02.2023.godine su u holu i dvori\u0161tu \u0161kole napravili panoe sa prigodnim porukama vezanim za sprje\u010davanje nasilja a posve\u0107ene ovom danu.<\/li>\n<li>Predsjednica Vije\u0107a u\u010denika je odr\u017eala predavanje o prevenciji i suzbijanju nasilja me\u0111u vr\u0161njacima na kojem je bilo 49 u\u010denika.<\/li>\n<li>U znak solidarnosti ve\u0107ina u\u010denika nosila je roze majice.<\/li>\n<\/ol>\n<p>Obilje\u017eavanje ovog dana ima za cilj prevenciju svakog oblika nasilja, razvijanje svijesti o empatiji, toleranciji i me\u0111usobnom pomaganju.<\/p>\n<p>\u00a0<\/p>\n\n<p><iframe src=\"https:\/\/www.facebook.com\/plugins\/post.php?href=https%3A%2F%2Fwww.facebook.com%2Fssskskolasarajevo%2Fposts%2Fpfbid02DjUSppbVyeQXUMzPLs8tPxT4BYg4cKz6P45YgPFkBB7gyrdc2g6pcig9Hrs2fWqrl&amp;show_text=true&amp;width=500\" width=\"500\" height=\"820\" style=\"border:none;overflow:hidden\" scrolling=\"no\" frameborder=\"0\" allowfullscreen=\"true\" allow=\"autoplay; clipboard-write; encrypted-media; picture-in-picture; web-share\"><\/iframe><\/p>\n","protected":false},"excerpt":{"rendered":"<p>Povodom Dana ru\u017ei\u010dastih majica, koji se obilje\u017eava u februaru svake godine u\u010denici JU Srednja \u0161kola za saobra\u0107aj i komunikacije Sarajevo u saradnji sa pedago\u0161ko-psiholo\u0161kom slu\u017ebom \u0161kole organizovali su vi\u0161e aktivnosti: Na \u010dasovima odjeljenjskih zajednica&#46;&#46;&#46;<\/p>\n","protected":false},"author":1,"featured_media":8010,"comment_status":"closed","ping_status":"closed","sticky":false,"template":"","format":"standard","meta":{"_jetpack_memberships_contains_paid_content":false,"footnotes":"","jetpack_publicize_message":"","jetpack_publicize_feature_enabled":true,"jetpack_social_post_already_shared":true,"jetpack_social_options":{"image_generator_settings":{"template":"highway","default_image_id":0,"font":"","enabled":false},"version":2}},"categories":[2,1],"tags":[143],"class_list":["post-8008","post","type-post","status-publish","format-standard","has-post-thumbnail","hentry","category-aktualnosti","category-uncategorized","tag-dan-ruzicastih-majica"],"jetpack_publicize_connections":[],"jetpack_featured_media_url":"https:\/\/ssskskola.edu.ba\/wp-content\/uploads\/2023\/02\/20230222_102810_1.jpg","jetpack_sharing_enabled":true,"_links":{"self":[{"href":"https:\/\/ssskskola.edu.ba\/index.php?rest_route=\/wp\/v2\/posts\/8008","targetHints":{"allow":["GET"]}}],"collection":[{"href":"https:\/\/ssskskola.edu.ba\/index.php?rest_route=\/wp\/v2\/posts"}],"about":[{"href":"https:\/\/ssskskola.edu.ba\/index.php?rest_route=\/wp\/v2\/types\/post"}],"author":[{"embeddable":true,"href":"https:\/\/ssskskola.edu.ba\/index.php?rest_route=\/wp\/v2\/users\/1"}],"replies":[{"embeddable":true,"href":"https:\/\/ssskskola.edu.ba\/index.php?rest_route=%2Fwp%2Fv2%2Fcomments&post=8008"}],"version-history":[{"count":4,"href":"https:\/\/ssskskola.edu.ba\/index.php?rest_route=\/wp\/v2\/posts\/8008\/revisions"}],"predecessor-version":[{"id":8015,"href":"https:\/\/ssskskola.edu.ba\/index.php?rest_route=\/wp\/v2\/posts\/8008\/revisions\/8015"}],"wp:featuredmedia":[{"embeddable":true,"href":"https:\/\/ssskskola.edu.ba\/index.php?rest_route=\/wp\/v2\/media\/8010"}],"wp:attachment":[{"href":"https:\/\/ssskskola.edu.ba\/index.php?rest_route=%2Fwp%2Fv2%2Fmedia&parent=8008"}],"wp:term":[{"taxonomy":"category","embeddable":true,"href":"https:\/\/ssskskola.edu.ba\/index.php?rest_route=%2Fwp%2Fv2%2Fcategories&post=8008"},{"taxonomy":"post_tag","embeddable":true,"href":"https:\/\/ssskskola.edu.ba\/index.php?rest_route=%2Fwp%2Fv2%2Ftags&post=8008"}],"curies":[{"name":"wp","href":"https:\/\/api.w.org\/{rel}","templated":true}]}}