{"id":8163,"date":"2023-04-13T07:28:59","date_gmt":"2023-04-13T06:28:59","guid":{"rendered":"https:\/\/ssskskola.edu.ba\/?p=8163"},"modified":"2023-04-13T10:02:45","modified_gmt":"2023-04-13T09:02:45","slug":"ministar-steta-posjetio-srednju-skolu-za-saobracaj-i-komunikacije-zadovoljstvo-je-slusati-prijedloge-ucenika-za-poboljsanje-tarifnog-sistema-naplate","status":"publish","type":"post","link":"https:\/\/ssskskola.edu.ba\/?p=8163","title":{"rendered":"Ministar \u0160teta posjetio Srednju \u0161kolu za saobra\u0107aj i komunikacije: Zadovoljstvo je slu\u0161ati prijedloge u\u010denika za pobolj\u0161anje tarifnog sistema naplate"},"content":{"rendered":"\n<figure class=\"wp-block-image size-large\"><img fetchpriority=\"high\" decoding=\"async\" width=\"1024\" height=\"577\" src=\"https:\/\/ssskskola.edu.ba\/wp-content\/uploads\/2023\/04\/20230412_115106_1-1024x577.jpg\" alt=\"\" class=\"wp-image-8164\" srcset=\"https:\/\/ssskskola.edu.ba\/wp-content\/uploads\/2023\/04\/20230412_115106_1-1024x577.jpg 1024w, https:\/\/ssskskola.edu.ba\/wp-content\/uploads\/2023\/04\/20230412_115106_1-300x169.jpg 300w, https:\/\/ssskskola.edu.ba\/wp-content\/uploads\/2023\/04\/20230412_115106_1-768x432.jpg 768w, https:\/\/ssskskola.edu.ba\/wp-content\/uploads\/2023\/04\/20230412_115106_1-1536x865.jpg 1536w, https:\/\/ssskskola.edu.ba\/wp-content\/uploads\/2023\/04\/20230412_115106_1.jpg 2000w\" sizes=\"(max-width: 1024px) 100vw, 1024px\" \/><\/figure>\n\n\n\n<p><\/p>\n\n\n\n<p>Ministar saobra\u0107aja Kantona Sarajevo Adnan \u0160teta 12.04.2023. godine posjetio je Srednju \u0161kolu za saobra\u0107aj i komunikacije i u\u010denike koji su u\u010destvovali u Civitas &#8220;Projektu gra\u0111anin&#8221; \u010diji je cilj pripremati mlade za ulogu aktivnih, informiranih i odgovornih gra\u0111ana. A taj cilj su ostvarili u\u010denici na\u0161e \u0161kole sa profesorom Igorom Smiljani\u0107em, osvojiv\u0161i prvo mjesto na op\u0107inskom takmi\u010denju. Da su u\u010denici dostigli mnoge obrazovne ishode uvjerio se i sam Ministar u razgovoru s njima, obe\u0107av\u0161i da \u0107e integrisati sistem elektronske naplate. Ministar \u0160teta je podr\u017eao pripreme u\u010denika za kantonalno takmi\u010denje, kao i inicijativu da se u elektronski sistem naplate usluga javnog prijevoza Kantona Sarajevo integriraju karte po vremenskom intervalu od 30, 60 i 90 minuta u oba operatera. &#8220;Radujem se \u0161to \u0107emo razmjenjivati znanja i iskustva, u\u010diti od na\u0161e mladosti i \u0161to smo danas potvrdili va\u017enost saradnje sa \u0161kolom do kona\u010dnog zajedni\u010dkog cilja &#8211; potpuno druga\u010dije slike na\u0161eg Sarajeva&#8230;<\/p>\n\n\n\n<p>Dana\u0161nja posjeta mi je dala dodatni motiv za rad &#8220;, rekao je Ministar.<\/p>\n\n\n\n<p>VD direktorica Emilija Martini\u010devi\u0107 je izrazila zahvalnost ministru \u0160teti na posjeti i podr\u0161ci koju im je pru\u017eio.<\/p>\n\n\n<p><iframe src=\"https:\/\/www.facebook.com\/plugins\/post.php?href=https%3A%2F%2Fwww.facebook.com%2Fssskskolasarajevo%2Fposts%2Fpfbid02dwcgq8fBoJY6AKbDcSiMYBUMguPc6b8KHp7tMVHH3Eqt2M6cyVk5znfjQXKkvGryl&amp;show_text=true&amp;width=500\" width=\"500\" height=\"787\" style=\"border:none;overflow:hidden\" scrolling=\"no\" frameborder=\"0\" allowfullscreen=\"true\" allow=\"autoplay; clipboard-write; encrypted-media; picture-in-picture; web-share\"><\/iframe><\/p>\n\n\n\n<p>Prilog TVSA o gostovanju Ministra saobra\u0107aja Kantona Sarajevo gospodina Adnana \u0160tete u <a href=\"https:\/\/www.facebook.com\/ssskskolasarajevo?__cft__[0]=AZWiel6YmliG6o15uQt8M346DdVl6DYa08gl1I_97ySQTrrvdMWCuxcAo7Bcbs1Ybm4SmWmcZjl0NU35gRiHpK3mG48u_3_46nXLc731bZlkaP1CdD1ojTg24FRHELIg0Q62Xg5aYanZB15J-QFeqljxIFaxE7SUuRDi2il9N1ycI2kcP6fuPml47r7fELM5xd4&amp;__tn__=-]K-R\">Srednja \u0161kola za saobra\u0107aj i komunikacije Sarajevo<\/a>:<\/p>\n\n\n\n<figure class=\"wp-block-embed is-type-video is-provider-youtube wp-block-embed-youtube wp-embed-aspect-16-9 wp-has-aspect-ratio\"><div class=\"wp-block-embed__wrapper\">\nhttps:\/\/youtu.be\/gD9vPff-3gM?t=984\n<\/div><\/figure>\n","protected":false},"excerpt":{"rendered":"<p>Ministar saobra\u0107aja Kantona Sarajevo Adnan \u0160teta 12.04.2023. godine posjetio je Srednju \u0161kolu za saobra\u0107aj i komunikacije i u\u010denike koji su u\u010destvovali u Civitas &#8220;Projektu gra\u0111anin&#8221; \u010diji je cilj pripremati mlade za ulogu aktivnih, informiranih&#46;&#46;&#46;<\/p>\n","protected":false},"author":1,"featured_media":8164,"comment_status":"closed","ping_status":"closed","sticky":false,"template":"","format":"standard","meta":{"_jetpack_memberships_contains_paid_content":false,"footnotes":"","jetpack_publicize_message":"","jetpack_publicize_feature_enabled":true,"jetpack_social_post_already_shared":true,"jetpack_social_options":{"image_generator_settings":{"template":"highway","default_image_id":0,"font":"","enabled":false},"version":2}},"categories":[2,274,1],"tags":[489,490],"class_list":["post-8163","post","type-post","status-publish","format-standard","has-post-thumbnail","hentry","category-aktualnosti","category-izleti-i-posjete","category-uncategorized","tag-adnan-steta","tag-ministar-saobracaja"],"jetpack_publicize_connections":[],"jetpack_featured_media_url":"https:\/\/ssskskola.edu.ba\/wp-content\/uploads\/2023\/04\/20230412_115106_1.jpg","jetpack_sharing_enabled":true,"_links":{"self":[{"href":"https:\/\/ssskskola.edu.ba\/index.php?rest_route=\/wp\/v2\/posts\/8163","targetHints":{"allow":["GET"]}}],"collection":[{"href":"https:\/\/ssskskola.edu.ba\/index.php?rest_route=\/wp\/v2\/posts"}],"about":[{"href":"https:\/\/ssskskola.edu.ba\/index.php?rest_route=\/wp\/v2\/types\/post"}],"author":[{"embeddable":true,"href":"https:\/\/ssskskola.edu.ba\/index.php?rest_route=\/wp\/v2\/users\/1"}],"replies":[{"embeddable":true,"href":"https:\/\/ssskskola.edu.ba\/index.php?rest_route=%2Fwp%2Fv2%2Fcomments&post=8163"}],"version-history":[{"count":8,"href":"https:\/\/ssskskola.edu.ba\/index.php?rest_route=\/wp\/v2\/posts\/8163\/revisions"}],"predecessor-version":[{"id":8172,"href":"https:\/\/ssskskola.edu.ba\/index.php?rest_route=\/wp\/v2\/posts\/8163\/revisions\/8172"}],"wp:featuredmedia":[{"embeddable":true,"href":"https:\/\/ssskskola.edu.ba\/index.php?rest_route=\/wp\/v2\/media\/8164"}],"wp:attachment":[{"href":"https:\/\/ssskskola.edu.ba\/index.php?rest_route=%2Fwp%2Fv2%2Fmedia&parent=8163"}],"wp:term":[{"taxonomy":"category","embeddable":true,"href":"https:\/\/ssskskola.edu.ba\/index.php?rest_route=%2Fwp%2Fv2%2Fcategories&post=8163"},{"taxonomy":"post_tag","embeddable":true,"href":"https:\/\/ssskskola.edu.ba\/index.php?rest_route=%2Fwp%2Fv2%2Ftags&post=8163"}],"curies":[{"name":"wp","href":"https:\/\/api.w.org\/{rel}","templated":true}]}}