{"id":8238,"date":"2023-05-10T12:17:25","date_gmt":"2023-05-10T11:17:25","guid":{"rendered":"https:\/\/ssskskola.edu.ba\/?p=8238"},"modified":"2023-05-10T12:17:26","modified_gmt":"2023-05-10T11:17:26","slug":"dani-kantona-sarajevo","status":"publish","type":"post","link":"https:\/\/ssskskola.edu.ba\/?p=8238","title":{"rendered":"Dani Kantona Sarajevo"},"content":{"rendered":"<div class=\"wp-block-image\">\n<figure class=\"aligncenter size-large\"><img fetchpriority=\"high\" decoding=\"async\" width=\"1024\" height=\"576\" src=\"https:\/\/ssskskola.edu.ba\/wp-content\/uploads\/2023\/05\/IMG-0f6cd3b31d70f37f834382dade0c416d-V-1024x576.jpg\" alt=\"\" class=\"wp-image-8239\" srcset=\"https:\/\/ssskskola.edu.ba\/wp-content\/uploads\/2023\/05\/IMG-0f6cd3b31d70f37f834382dade0c416d-V-1024x576.jpg 1024w, https:\/\/ssskskola.edu.ba\/wp-content\/uploads\/2023\/05\/IMG-0f6cd3b31d70f37f834382dade0c416d-V-300x169.jpg 300w, https:\/\/ssskskola.edu.ba\/wp-content\/uploads\/2023\/05\/IMG-0f6cd3b31d70f37f834382dade0c416d-V-768x432.jpg 768w, https:\/\/ssskskola.edu.ba\/wp-content\/uploads\/2023\/05\/IMG-0f6cd3b31d70f37f834382dade0c416d-V-1536x864.jpg 1536w, https:\/\/ssskskola.edu.ba\/wp-content\/uploads\/2023\/05\/IMG-0f6cd3b31d70f37f834382dade0c416d-V.jpg 1800w\" sizes=\"(max-width: 1024px) 100vw, 1024px\" \/><\/figure>\n<\/div>\n\n\n<p>U okviru obilje\u017eavanja Dana Kantona Sarajevo od 02.05.- 09.05.2023.godine u\u010denici JU Srednje \u0161kole za saobra\u0107aj i komunikacije su prisustvovali raznim programima.<\/p>\n\n\n\n<p>U petak, 05.05.2023.godine u\u010denici su u pratnji \u0161kolskog psihologa Krzi\u0107-Muli\u0107 Elme prisustvovali Centralnoj manifestaciji za Dan sje\u0107anja na ubijenu djecu opkoljenog Sarajeva 1992-1995.<\/p>\n\n\n\n<p>U subotu, 06.05.2023.godine, u\u010denice su u pratnji prof. Bubi\u0107 Melise prisustvovale umjetni\u010dko-ekolo\u0161koj radionici pod nazivom &#8221;Umjetnost i recikla\u017ea&#8221; a u\u010denici u pratnji prof. Red\u017eepagi\u0107 Kenana Izlo\u017ebi old timer vozila.<\/p>\n\n\n\n<p>Pored toga, 08.05.2023.godine realizovan je online historijski \u010das koji je imao za cilj ukazati na va\u017enost obilje\u017eavanja Dana sje\u0107anja na ubijenu djecu opkoljenog Sarajeva kao i zna\u010daj borbe protiv fa\u0161izma, ja\u010danja ideja antifa\u0161izma i demokratije, te borbe za osnovna ljudska prava. \u010cas su realizirali u\u010denici Begi\u0107 Hamza i Tahirovi\u0107 Amila zajedno sa prof.historije Muji\u0107 Azrom.<\/p>\n\n\n<p><iframe src=\"https:\/\/www.facebook.com\/plugins\/post.php?href=https%3A%2F%2Fwww.facebook.com%2Fssskskolasarajevo%2Fposts%2Fpfbid032LMioizgC6styMi5XQXdZ8V2JJUJDcRL4rt1TYYtssyysANazgBEpaigdSQsqdysl&#038;show_text=true&#038;width=500\" width=\"500\" height=\"781\" style=\"border:none;overflow:hidden\" scrolling=\"no\" frameborder=\"0\" allowfullscreen=\"true\" allow=\"autoplay; clipboard-write; encrypted-media; picture-in-picture; web-share\"><\/iframe><\/p>\n","protected":false},"excerpt":{"rendered":"<p>U okviru obilje\u017eavanja Dana Kantona Sarajevo od 02.05.- 09.05.2023.godine u\u010denici JU Srednje \u0161kole za saobra\u0107aj i komunikacije su prisustvovali raznim programima. U petak, 05.05.2023.godine u\u010denici su u pratnji \u0161kolskog psihologa Krzi\u0107-Muli\u0107 Elme prisustvovali Centralnoj&#46;&#46;&#46;<\/p>\n","protected":false},"author":1,"featured_media":8239,"comment_status":"closed","ping_status":"closed","sticky":false,"template":"","format":"standard","meta":{"_jetpack_memberships_contains_paid_content":false,"footnotes":"","jetpack_publicize_message":"","jetpack_publicize_feature_enabled":true,"jetpack_social_post_already_shared":true,"jetpack_social_options":{"image_generator_settings":{"template":"highway","default_image_id":0,"font":"","enabled":false},"version":2}},"categories":[2,8,1],"tags":[],"class_list":["post-8238","post","type-post","status-publish","format-standard","has-post-thumbnail","hentry","category-aktualnosti","category-novosti1","category-uncategorized"],"jetpack_publicize_connections":[],"jetpack_featured_media_url":"https:\/\/ssskskola.edu.ba\/wp-content\/uploads\/2023\/05\/IMG-0f6cd3b31d70f37f834382dade0c416d-V.jpg","jetpack_sharing_enabled":true,"_links":{"self":[{"href":"https:\/\/ssskskola.edu.ba\/index.php?rest_route=\/wp\/v2\/posts\/8238","targetHints":{"allow":["GET"]}}],"collection":[{"href":"https:\/\/ssskskola.edu.ba\/index.php?rest_route=\/wp\/v2\/posts"}],"about":[{"href":"https:\/\/ssskskola.edu.ba\/index.php?rest_route=\/wp\/v2\/types\/post"}],"author":[{"embeddable":true,"href":"https:\/\/ssskskola.edu.ba\/index.php?rest_route=\/wp\/v2\/users\/1"}],"replies":[{"embeddable":true,"href":"https:\/\/ssskskola.edu.ba\/index.php?rest_route=%2Fwp%2Fv2%2Fcomments&post=8238"}],"version-history":[{"count":1,"href":"https:\/\/ssskskola.edu.ba\/index.php?rest_route=\/wp\/v2\/posts\/8238\/revisions"}],"predecessor-version":[{"id":8240,"href":"https:\/\/ssskskola.edu.ba\/index.php?rest_route=\/wp\/v2\/posts\/8238\/revisions\/8240"}],"wp:featuredmedia":[{"embeddable":true,"href":"https:\/\/ssskskola.edu.ba\/index.php?rest_route=\/wp\/v2\/media\/8239"}],"wp:attachment":[{"href":"https:\/\/ssskskola.edu.ba\/index.php?rest_route=%2Fwp%2Fv2%2Fmedia&parent=8238"}],"wp:term":[{"taxonomy":"category","embeddable":true,"href":"https:\/\/ssskskola.edu.ba\/index.php?rest_route=%2Fwp%2Fv2%2Fcategories&post=8238"},{"taxonomy":"post_tag","embeddable":true,"href":"https:\/\/ssskskola.edu.ba\/index.php?rest_route=%2Fwp%2Fv2%2Ftags&post=8238"}],"curies":[{"name":"wp","href":"https:\/\/api.w.org\/{rel}","templated":true}]}}