{"id":8246,"date":"2023-05-12T17:19:55","date_gmt":"2023-05-12T16:19:55","guid":{"rendered":"https:\/\/ssskskola.edu.ba\/?p=8246"},"modified":"2023-05-12T17:45:17","modified_gmt":"2023-05-12T16:45:17","slug":"medunarodna-konferencija-vet-to-vet-capacity-building-in-western-balkans-najava","status":"publish","type":"post","link":"https:\/\/ssskskola.edu.ba\/?p=8246","title":{"rendered":"Me\u0111unarodna konferencija Vet to Vet &#8211; Capacity Building in Western Balkans &#8211; Najava"},"content":{"rendered":"\n<figure class=\"wp-block-image size-large\"><img fetchpriority=\"high\" decoding=\"async\" width=\"724\" height=\"1024\" src=\"https:\/\/ssskskola.edu.ba\/wp-content\/uploads\/2023\/04\/WEBINAR_PRIJAVA-724x1024.jpg\" alt=\"\" class=\"wp-image-8133\" srcset=\"https:\/\/ssskskola.edu.ba\/wp-content\/uploads\/2023\/04\/WEBINAR_PRIJAVA-724x1024.jpg 724w, https:\/\/ssskskola.edu.ba\/wp-content\/uploads\/2023\/04\/WEBINAR_PRIJAVA-212x300.jpg 212w, https:\/\/ssskskola.edu.ba\/wp-content\/uploads\/2023\/04\/WEBINAR_PRIJAVA-768x1087.jpg 768w, https:\/\/ssskskola.edu.ba\/wp-content\/uploads\/2023\/04\/WEBINAR_PRIJAVA-1086x1536.jpg 1086w, https:\/\/ssskskola.edu.ba\/wp-content\/uploads\/2023\/04\/WEBINAR_PRIJAVA.jpg 1179w\" sizes=\"(max-width: 724px) 100vw, 724px\" \/><\/figure>\n\n\n\n<p>Iskreno nam je zadovoljstvo najaviti Me\u0111unarodnu konferenciju koju organizuje JU Srednja \u0161kola za saobra\u0107aj i komunikacije Sarajevo 18. maja 2023. godine u hotelu &#8220;Hills&#8221; na Ilid\u017ei.<br><br>Na\u0161a \u0161kola je uklju\u010dena u me\u0111unarodni projekt pod nazivom \u201cVET to VET &#8211; Capacity Building in Western Balkans (V2V \u2013 Ja\u010danje kapaciteta Zapadnog Balkana\u201d koji ima za cilj oja\u010dati postoje\u0107e i izgraditi nove kapacitete vezane za srednje stru\u010dno obrazovanje.<br><br>Ova me\u0111unarodna konferencija \u0107e okupiti vi\u0161e od 70 u\u010desnika, a u\u010desnici projekta su srednje stru\u010dne \u0161kole iz zemalja Evropske unije (Italija, Holandija, Finska, Slovenija i Hrvatska) kao i zemalja Zapadnog Balkana (Bosna i Hercegovina, Crna Gora i Kosovo).<br><br>Na\u0161a \u017eelja je da na ovoj konferenciji prenesemo mnogobrojna iskustva iz projekta kroz prezentacije i radionice u\u010denika i nastavnika koji su bili uklju\u010deni u aktivnosti i mobilnost, kao i izazove kroz koje smo pro\u0161li tokom realizacije projekta.<br><br>Vjerujemo da je rije\u010d o aktivnostima i iskustvima koji bi mogli biti od velike koristi i drugim srednjim stru\u010dnim \u0161kolama iz BiH, te se nadamo da \u0107e na\u0161 primjer poslu\u017eiti  da se i oni uklju\u010de u programe i projekte poput ovog.<br><br>Radni dio konferencije \u0107e se sastojati iz prezentacija realiziranih aktivnosti, okruglih stolova i diskusija, a poslijepodnevni iz radionica na kojima \u0107e se razgovarati o novim razvojnim mogu\u0107nostima i perspektivama.<br><br>\u201cMentor\u201d na\u0161oj \u0161koli je srednja \u0161kola Holandije \u201cROC Noorderpoort\u201d iz grada Groningen, a projekat se realizuje u periodu od 22.12.2020. do 22.12.2023. godine.<\/p>\n\n\n\n<p><\/p>\n\n\n<iframe frameborder=\"0\" src=\"https:\/\/drive.google.com\/file\/d\/1wBIfdWmQjKoZCE6P6lVjnC4pWs1OB3oJ\/preview?usp=drivesdk\" width=\"100%\" height=\"1000\" style=\"border:0;max-width:100%\" scrolling=\"yes\"><\/iframe>\n","protected":false},"excerpt":{"rendered":"<p>Iskreno nam je zadovoljstvo najaviti Me\u0111unarodnu konferenciju koju organizuje JU Srednja \u0161kola za saobra\u0107aj i komunikacije Sarajevo 18. maja 2023. godine u hotelu &#8220;Hills&#8221; na Ilid\u017ei. Na\u0161a \u0161kola je uklju\u010dena u me\u0111unarodni projekt pod&#46;&#46;&#46;<\/p>\n","protected":false},"author":1,"featured_media":8133,"comment_status":"closed","ping_status":"closed","sticky":false,"template":"","format":"standard","meta":{"_jetpack_memberships_contains_paid_content":false,"footnotes":"","jetpack_publicize_message":"","jetpack_publicize_feature_enabled":true,"jetpack_social_post_already_shared":true,"jetpack_social_options":{"image_generator_settings":{"template":"highway","default_image_id":0,"font":"","enabled":false},"version":2}},"categories":[2,469,1],"tags":[],"class_list":["post-8246","post","type-post","status-publish","format-standard","has-post-thumbnail","hentry","category-aktualnosti","category-konferencije","category-uncategorized"],"jetpack_publicize_connections":[],"jetpack_featured_media_url":"https:\/\/ssskskola.edu.ba\/wp-content\/uploads\/2023\/04\/WEBINAR_PRIJAVA.jpg","jetpack_sharing_enabled":true,"_links":{"self":[{"href":"https:\/\/ssskskola.edu.ba\/index.php?rest_route=\/wp\/v2\/posts\/8246","targetHints":{"allow":["GET"]}}],"collection":[{"href":"https:\/\/ssskskola.edu.ba\/index.php?rest_route=\/wp\/v2\/posts"}],"about":[{"href":"https:\/\/ssskskola.edu.ba\/index.php?rest_route=\/wp\/v2\/types\/post"}],"author":[{"embeddable":true,"href":"https:\/\/ssskskola.edu.ba\/index.php?rest_route=\/wp\/v2\/users\/1"}],"replies":[{"embeddable":true,"href":"https:\/\/ssskskola.edu.ba\/index.php?rest_route=%2Fwp%2Fv2%2Fcomments&post=8246"}],"version-history":[{"count":2,"href":"https:\/\/ssskskola.edu.ba\/index.php?rest_route=\/wp\/v2\/posts\/8246\/revisions"}],"predecessor-version":[{"id":8250,"href":"https:\/\/ssskskola.edu.ba\/index.php?rest_route=\/wp\/v2\/posts\/8246\/revisions\/8250"}],"wp:featuredmedia":[{"embeddable":true,"href":"https:\/\/ssskskola.edu.ba\/index.php?rest_route=\/wp\/v2\/media\/8133"}],"wp:attachment":[{"href":"https:\/\/ssskskola.edu.ba\/index.php?rest_route=%2Fwp%2Fv2%2Fmedia&parent=8246"}],"wp:term":[{"taxonomy":"category","embeddable":true,"href":"https:\/\/ssskskola.edu.ba\/index.php?rest_route=%2Fwp%2Fv2%2Fcategories&post=8246"},{"taxonomy":"post_tag","embeddable":true,"href":"https:\/\/ssskskola.edu.ba\/index.php?rest_route=%2Fwp%2Fv2%2Ftags&post=8246"}],"curies":[{"name":"wp","href":"https:\/\/api.w.org\/{rel}","templated":true}]}}