{"id":8313,"date":"2023-05-31T10:28:32","date_gmt":"2023-05-31T09:28:32","guid":{"rendered":"https:\/\/ssskskola.edu.ba\/?p=8313"},"modified":"2023-05-31T10:28:34","modified_gmt":"2023-05-31T09:28:34","slug":"da-se-ne-zaboravi-jer-me-se-tice","status":"publish","type":"post","link":"https:\/\/ssskskola.edu.ba\/?p=8313","title":{"rendered":"Da se ne zaboravi \u2013 \u201eJER ME SE TI\u010cE\u201c"},"content":{"rendered":"\n<figure class=\"wp-block-image size-full\"><img fetchpriority=\"high\" decoding=\"async\" width=\"1024\" height=\"768\" src=\"https:\/\/ssskskola.edu.ba\/wp-content\/uploads\/2023\/05\/20230531_103605_1.jpg\" alt=\"\" class=\"wp-image-8314\" srcset=\"https:\/\/ssskskola.edu.ba\/wp-content\/uploads\/2023\/05\/20230531_103605_1.jpg 1024w, https:\/\/ssskskola.edu.ba\/wp-content\/uploads\/2023\/05\/20230531_103605_1-300x225.jpg 300w, https:\/\/ssskskola.edu.ba\/wp-content\/uploads\/2023\/05\/20230531_103605_1-768x576.jpg 768w\" sizes=\"(max-width: 1024px) 100vw, 1024px\" \/><\/figure>\n\n\n\n<p>Dana 31.05.2023. godine simboli\u010dnim no\u0161enjem bijelih traka u\u010denici i uposlenici JU Srednje \u0161kole za saobra\u0107aj i komunikacije Sarajevo obilje\u017eili su \u201eDan bijelih traka\u201c koji se obilje\u017eava povodom stradanja nevinog stanovni\u0161tva Prijedora u periodu 1992.-1995.<\/p>\n\n\n<p><iframe src=\"https:\/\/www.facebook.com\/plugins\/post.php?href=https%3A%2F%2Fwww.facebook.com%2Fssskskolasarajevo%2Fposts%2Fpfbid0Jya59w3yVjz2E26iLohwv71njDE5aTEdU5hgNkZp5fSduFtEEsjLhPmpT4ZYtuQml&#038;show_text=true&#038;width=500\" width=\"500\" height=\"742\" style=\"border:none;overflow:hidden\" scrolling=\"no\" frameborder=\"0\" allowfullscreen=\"true\" allow=\"autoplay; clipboard-write; encrypted-media; picture-in-picture; web-share\"><\/iframe><\/p>\n","protected":false},"excerpt":{"rendered":"<p>Dana 31.05.2023. godine simboli\u010dnim no\u0161enjem bijelih traka u\u010denici i uposlenici JU Srednje \u0161kole za saobra\u0107aj i komunikacije Sarajevo obilje\u017eili su \u201eDan bijelih traka\u201c koji se obilje\u017eava povodom stradanja nevinog stanovni\u0161tva Prijedora u periodu 1992.-1995.<\/p>\n","protected":false},"author":1,"featured_media":8314,"comment_status":"closed","ping_status":"closed","sticky":false,"template":"","format":"standard","meta":{"_jetpack_memberships_contains_paid_content":false,"footnotes":"","jetpack_publicize_message":"","jetpack_publicize_feature_enabled":true,"jetpack_social_post_already_shared":true,"jetpack_social_options":{"image_generator_settings":{"template":"highway","default_image_id":0,"font":"","enabled":false},"version":2}},"categories":[2,1],"tags":[],"class_list":["post-8313","post","type-post","status-publish","format-standard","has-post-thumbnail","hentry","category-aktualnosti","category-uncategorized"],"jetpack_publicize_connections":[],"jetpack_featured_media_url":"https:\/\/ssskskola.edu.ba\/wp-content\/uploads\/2023\/05\/20230531_103605_1.jpg","jetpack_sharing_enabled":true,"_links":{"self":[{"href":"https:\/\/ssskskola.edu.ba\/index.php?rest_route=\/wp\/v2\/posts\/8313","targetHints":{"allow":["GET"]}}],"collection":[{"href":"https:\/\/ssskskola.edu.ba\/index.php?rest_route=\/wp\/v2\/posts"}],"about":[{"href":"https:\/\/ssskskola.edu.ba\/index.php?rest_route=\/wp\/v2\/types\/post"}],"author":[{"embeddable":true,"href":"https:\/\/ssskskola.edu.ba\/index.php?rest_route=\/wp\/v2\/users\/1"}],"replies":[{"embeddable":true,"href":"https:\/\/ssskskola.edu.ba\/index.php?rest_route=%2Fwp%2Fv2%2Fcomments&post=8313"}],"version-history":[{"count":1,"href":"https:\/\/ssskskola.edu.ba\/index.php?rest_route=\/wp\/v2\/posts\/8313\/revisions"}],"predecessor-version":[{"id":8315,"href":"https:\/\/ssskskola.edu.ba\/index.php?rest_route=\/wp\/v2\/posts\/8313\/revisions\/8315"}],"wp:featuredmedia":[{"embeddable":true,"href":"https:\/\/ssskskola.edu.ba\/index.php?rest_route=\/wp\/v2\/media\/8314"}],"wp:attachment":[{"href":"https:\/\/ssskskola.edu.ba\/index.php?rest_route=%2Fwp%2Fv2%2Fmedia&parent=8313"}],"wp:term":[{"taxonomy":"category","embeddable":true,"href":"https:\/\/ssskskola.edu.ba\/index.php?rest_route=%2Fwp%2Fv2%2Fcategories&post=8313"},{"taxonomy":"post_tag","embeddable":true,"href":"https:\/\/ssskskola.edu.ba\/index.php?rest_route=%2Fwp%2Fv2%2Ftags&post=8313"}],"curies":[{"name":"wp","href":"https:\/\/api.w.org\/{rel}","templated":true}]}}