{"id":8321,"date":"2023-06-06T07:05:44","date_gmt":"2023-06-06T06:05:44","guid":{"rendered":"https:\/\/ssskskola.edu.ba\/?p=8321"},"modified":"2023-06-06T07:05:45","modified_gmt":"2023-06-06T06:05:45","slug":"nase-nebo-izvrsnosti","status":"publish","type":"post","link":"https:\/\/ssskskola.edu.ba\/?p=8321","title":{"rendered":"&#8220;Na\u0161e nebo izvrsnosti&#8221;"},"content":{"rendered":"<div class=\"wp-block-image\">\n<figure class=\"aligncenter size-large\"><img fetchpriority=\"high\" decoding=\"async\" width=\"1024\" height=\"768\" src=\"https:\/\/ssskskola.edu.ba\/wp-content\/uploads\/2023\/06\/slika1-1024x768.jpg\" alt=\"\" class=\"wp-image-8322\" srcset=\"https:\/\/ssskskola.edu.ba\/wp-content\/uploads\/2023\/06\/slika1-1024x768.jpg 1024w, https:\/\/ssskskola.edu.ba\/wp-content\/uploads\/2023\/06\/slika1-300x225.jpg 300w, https:\/\/ssskskola.edu.ba\/wp-content\/uploads\/2023\/06\/slika1-768x576.jpg 768w, https:\/\/ssskskola.edu.ba\/wp-content\/uploads\/2023\/06\/slika1-1536x1152.jpg 1536w, https:\/\/ssskskola.edu.ba\/wp-content\/uploads\/2023\/06\/slika1-2048x1536.jpg 2048w\" sizes=\"(max-width: 1024px) 100vw, 1024px\" \/><\/figure>\n<\/div>\n\n\n<p>Dana 05.06.2023. godine u\u010denici\/e III-1 razreda Srednje \u0161kole za saobra\u0107aj i komunikacije Sarajevo su prisustvovali dodjeli nagrada za najizvrsnije u\u010denike Kantona Sarajevo pod motom \u201cNa\u0161e nebo izvrsnosti\u201d. Neira Balovi\u0107, Lejla Imamovi\u0107, Lamija Lagarija, Mirnes Sal\u010din, Ahmed D\u017eafo, Amar Had\u017ei\u0107, Emela Imamovi\u0107, Adi Sjenarevi\u0107 i profesor Igor Smiljani\u0107.<br>Dodjela se vr\u0161ila u kompleksu Centra &#8220;Safet Zajko&#8221; u organizaciji Instituta za razvoj preduniverzitetskog obrazovanja i Ministarstva za odgoj i obrazovanje KS. Manifestacija je zapo\u010dela intonacijom himne Bosne i Hercegovine, a potom su se obratili ministrica obrazovanja Naida Hota-Muminovi\u0107 i direktorica instituta Senada Salihovi\u0107. Svojim govorom su naglasili koliko je svaki nivo obrazovanja bitan, te kako je na\u0161a dr\u017eava puna potencijala za velike uspjehe. Tako\u0111er su istakli kako dr\u017eava olako dopu\u0161ta da druge zemlje &#8220;pokupe med&#8221;, asocirajuci na ogroman odlazak mladih iz Bosne i Hercegovine.<br>U\u010denici svih osnovnih i srednjih \u0161kola su pohvaljeni radi ostvarenih uspjeha na kantonalnom nivou, te za izlazak na takmi\u010denja na nivou Federacije Bosne i Hercegovine. Nakon obra\u0107anja ministrice i direktorice u\u010denici\/ce su u\u017eivali u izvedbama mje\u0161ovitog hora Tre\u0107e gimnazije Sarajevo i harmonika\u0161kog orkestra Srednje muzi\u010dke \u0161kole Sarajevo. Potom je na red do\u0161lo zajedni\u010dko fotografisanje svih u\u010desnika.<br>Na\u0161a \u0161kola, odnosno na\u0161i u\u010denici su u\u010destvovali na takmi\u010denju iz predmeta Gra\u0111ansko obrazovanje\/Demokratija i ljudska prava, osvojiv\u0161i prvo mjesto na op\u0107inskom i drugo na kantonalnom takmi\u010denju.<br>Tekst pripremio u\u010denik Ahmed D\u017eafo uz pomo\u0107 profesora Igor Smiljani\u0107a.<\/p>\n\n\n<p><iframe src=\"https:\/\/www.facebook.com\/plugins\/post.php?href=https%3A%2F%2Fwww.facebook.com%2Fssskskolasarajevo%2Fposts%2Fpfbid037DfVTuogcDLthPib8rv9HiZDV2H6y78P9duxA9w6Gd5HSabc1nxhKv7cF5ghhCz4l&#038;show_text=true&#038;width=500\" width=\"500\" height=\"781\" style=\"border:none;overflow:hidden\" scrolling=\"no\" frameborder=\"0\" allowfullscreen=\"true\" allow=\"autoplay; clipboard-write; encrypted-media; picture-in-picture; web-share\"><\/iframe><\/p>\n","protected":false},"excerpt":{"rendered":"<p>Dana 05.06.2023. godine u\u010denici\/e III-1 razreda Srednje \u0161kole za saobra\u0107aj i komunikacije Sarajevo su prisustvovali dodjeli nagrada za najizvrsnije u\u010denike Kantona Sarajevo pod motom \u201cNa\u0161e nebo izvrsnosti\u201d. Neira Balovi\u0107, Lejla Imamovi\u0107, Lamija Lagarija, Mirnes&#46;&#46;&#46;<\/p>\n","protected":false},"author":1,"featured_media":8322,"comment_status":"closed","ping_status":"closed","sticky":false,"template":"","format":"standard","meta":{"_jetpack_memberships_contains_paid_content":false,"footnotes":"","jetpack_publicize_message":"","jetpack_publicize_feature_enabled":true,"jetpack_social_post_already_shared":true,"jetpack_social_options":{"image_generator_settings":{"template":"highway","default_image_id":0,"font":"","enabled":false},"version":2}},"categories":[2,8,1],"tags":[498],"class_list":["post-8321","post","type-post","status-publish","format-standard","has-post-thumbnail","hentry","category-aktualnosti","category-novosti1","category-uncategorized","tag-nase-nebo-izvrsnosti"],"jetpack_publicize_connections":[],"jetpack_featured_media_url":"https:\/\/ssskskola.edu.ba\/wp-content\/uploads\/2023\/06\/slika1-scaled.jpg","jetpack_sharing_enabled":true,"_links":{"self":[{"href":"https:\/\/ssskskola.edu.ba\/index.php?rest_route=\/wp\/v2\/posts\/8321","targetHints":{"allow":["GET"]}}],"collection":[{"href":"https:\/\/ssskskola.edu.ba\/index.php?rest_route=\/wp\/v2\/posts"}],"about":[{"href":"https:\/\/ssskskola.edu.ba\/index.php?rest_route=\/wp\/v2\/types\/post"}],"author":[{"embeddable":true,"href":"https:\/\/ssskskola.edu.ba\/index.php?rest_route=\/wp\/v2\/users\/1"}],"replies":[{"embeddable":true,"href":"https:\/\/ssskskola.edu.ba\/index.php?rest_route=%2Fwp%2Fv2%2Fcomments&post=8321"}],"version-history":[{"count":1,"href":"https:\/\/ssskskola.edu.ba\/index.php?rest_route=\/wp\/v2\/posts\/8321\/revisions"}],"predecessor-version":[{"id":8323,"href":"https:\/\/ssskskola.edu.ba\/index.php?rest_route=\/wp\/v2\/posts\/8321\/revisions\/8323"}],"wp:featuredmedia":[{"embeddable":true,"href":"https:\/\/ssskskola.edu.ba\/index.php?rest_route=\/wp\/v2\/media\/8322"}],"wp:attachment":[{"href":"https:\/\/ssskskola.edu.ba\/index.php?rest_route=%2Fwp%2Fv2%2Fmedia&parent=8321"}],"wp:term":[{"taxonomy":"category","embeddable":true,"href":"https:\/\/ssskskola.edu.ba\/index.php?rest_route=%2Fwp%2Fv2%2Fcategories&post=8321"},{"taxonomy":"post_tag","embeddable":true,"href":"https:\/\/ssskskola.edu.ba\/index.php?rest_route=%2Fwp%2Fv2%2Ftags&post=8321"}],"curies":[{"name":"wp","href":"https:\/\/api.w.org\/{rel}","templated":true}]}}