{"id":8324,"date":"2023-06-06T09:59:48","date_gmt":"2023-06-06T08:59:48","guid":{"rendered":"https:\/\/ssskskola.edu.ba\/?p=8324"},"modified":"2023-06-06T10:01:44","modified_gmt":"2023-06-06T09:01:44","slug":"poziv-na-9-po-redu-youthspeak-foruma-u-bih","status":"publish","type":"post","link":"https:\/\/ssskskola.edu.ba\/?p=8324","title":{"rendered":"9. YouthSpeak Forum u BiH"},"content":{"rendered":"<div class=\"wp-block-image\">\n<figure class=\"aligncenter size-large\"><img fetchpriority=\"high\" decoding=\"async\" width=\"1024\" height=\"768\" src=\"https:\/\/ssskskola.edu.ba\/wp-content\/uploads\/2023\/06\/aiesec-1024x768.jpg\" alt=\"\" class=\"wp-image-8325\" srcset=\"https:\/\/ssskskola.edu.ba\/wp-content\/uploads\/2023\/06\/aiesec-1024x768.jpg 1024w, https:\/\/ssskskola.edu.ba\/wp-content\/uploads\/2023\/06\/aiesec-300x225.jpg 300w, https:\/\/ssskskola.edu.ba\/wp-content\/uploads\/2023\/06\/aiesec-768x576.jpg 768w, https:\/\/ssskskola.edu.ba\/wp-content\/uploads\/2023\/06\/aiesec.jpg 1493w\" sizes=\"(max-width: 1024px) 100vw, 1024px\" \/><\/figure>\n<\/div>\n\n\n<p>Ovim putem pozivamo Vas i Va\u0161e u\u010denike na 9. po redu YouthSpeak Forum u Bosni i Hercegovini u organizaciji AIESEC-a u BiH.<br>YouthSpeak Forum je globalni doga\u0111aj koji realizuje najve\u0107a svjetska omladinska organizacija AIESEC, a za cilj ima upoznavanje i pribli\u017eavanje mladih ljudi ka UN-ovim Ciljevima Odr\u017eivog Razvoja (SDGs). Primarni fokus za ovogodi\u0161nji YouthSpeak Forum jeste SDG 10 &#8211; smanjenje nejednakosti, s osvrtom na SDG 4 &#8211; kvalitetno obrazovanje i SGD 9 &#8211; industrija, inovacije i infrastruktura. Mladi ljudi dobijaju priliku da \u010duju inspirativne pri\u010de uspje\u0161nih ljudi iz oblasti poduzetni\u0161tva, marketinga i IT-a, kao i mnogih drugih koji djeluju u Bosni i Hercegovini.<br>YouthSpeak Forum je ujedno i prilika mladima da se upoznaju i pripreme za tr\u017ei\u0161te rada, istra\u017ee profesionalne mogu\u0107nosti unutar Bosne i Hercegovine i iska\u017eu svoje mi\u0161ljenje o doma\u0107im i globalnim pitanjima.<br>Tema ovogodi\u0161njeg YouthSpeak Foruma je #korakUnepoznato, a u sklopu foruma kroz sam program, nastojati \u0107emo mlade ljude inspirisati na famozni korak u nepoznato po pitanju li\u010dnog i karijernog razvoja. YouthSpeak Forum \u0107e se odr\u017eati 10. juna 2023. godine u prostorijama objekta Dje\u010dija ku\u0107a Novo Sarajevo, s po\u010detkom programa u 10:00 sati. Registracija \u0107e biti otvorena u 9:30 sati do po\u010detka programa.<br>Radujemo se Va\u0161em u\u010de\u0161\u0107u u sklopu ovogodi\u0161njeg YouthSpeak Foruma, te Vas molimo da pozovete \u0161to ve\u0107i broj Va\u0161ih u\u010denika da se odazovu ovoj inicijativi.<br>Prijaviti se mogu putem linka u nastavku: <a rel=\"noreferrer noopener\" href=\"https:\/\/forms.gle\/KsxRvvqaYFFpc3BJ6\" target=\"_blank\">https:\/\/forms.gle\/KsxRvvqaYFFpc3BJ6<\/a><\/p>\n\n\n\n<p><\/p>\n\n\n<iframe frameborder=\"0\" src=\"https:\/\/drive.google.com\/file\/d\/19XsH8OO_SiN_WhiOdb7SWiZdmQ2wD-C6\/preview?usp=drivesdk\" width=\"100%\" height=\"1000\" style=\"border:0;max-width:100%\" scrolling=\"yes\"><\/iframe>\n","protected":false},"excerpt":{"rendered":"<p>Ovim putem pozivamo Vas i Va\u0161e u\u010denike na 9. po redu YouthSpeak Forum u Bosni i Hercegovini u organizaciji AIESEC-a u BiH.YouthSpeak Forum je globalni doga\u0111aj koji realizuje najve\u0107a svjetska omladinska organizacija AIESEC, a&#46;&#46;&#46;<\/p>\n","protected":false},"author":1,"featured_media":8325,"comment_status":"closed","ping_status":"closed","sticky":false,"template":"","format":"standard","meta":{"_jetpack_memberships_contains_paid_content":false,"footnotes":"","jetpack_publicize_message":"","jetpack_publicize_feature_enabled":true,"jetpack_social_post_already_shared":true,"jetpack_social_options":{"image_generator_settings":{"template":"highway","default_image_id":0,"font":"","enabled":false},"version":2}},"categories":[2,1],"tags":[499],"class_list":["post-8324","post","type-post","status-publish","format-standard","has-post-thumbnail","hentry","category-aktualnosti","category-uncategorized","tag-aiesec"],"jetpack_publicize_connections":[],"jetpack_featured_media_url":"https:\/\/ssskskola.edu.ba\/wp-content\/uploads\/2023\/06\/aiesec.jpg","jetpack_sharing_enabled":true,"_links":{"self":[{"href":"https:\/\/ssskskola.edu.ba\/index.php?rest_route=\/wp\/v2\/posts\/8324","targetHints":{"allow":["GET"]}}],"collection":[{"href":"https:\/\/ssskskola.edu.ba\/index.php?rest_route=\/wp\/v2\/posts"}],"about":[{"href":"https:\/\/ssskskola.edu.ba\/index.php?rest_route=\/wp\/v2\/types\/post"}],"author":[{"embeddable":true,"href":"https:\/\/ssskskola.edu.ba\/index.php?rest_route=\/wp\/v2\/users\/1"}],"replies":[{"embeddable":true,"href":"https:\/\/ssskskola.edu.ba\/index.php?rest_route=%2Fwp%2Fv2%2Fcomments&post=8324"}],"version-history":[{"count":3,"href":"https:\/\/ssskskola.edu.ba\/index.php?rest_route=\/wp\/v2\/posts\/8324\/revisions"}],"predecessor-version":[{"id":8328,"href":"https:\/\/ssskskola.edu.ba\/index.php?rest_route=\/wp\/v2\/posts\/8324\/revisions\/8328"}],"wp:featuredmedia":[{"embeddable":true,"href":"https:\/\/ssskskola.edu.ba\/index.php?rest_route=\/wp\/v2\/media\/8325"}],"wp:attachment":[{"href":"https:\/\/ssskskola.edu.ba\/index.php?rest_route=%2Fwp%2Fv2%2Fmedia&parent=8324"}],"wp:term":[{"taxonomy":"category","embeddable":true,"href":"https:\/\/ssskskola.edu.ba\/index.php?rest_route=%2Fwp%2Fv2%2Fcategories&post=8324"},{"taxonomy":"post_tag","embeddable":true,"href":"https:\/\/ssskskola.edu.ba\/index.php?rest_route=%2Fwp%2Fv2%2Ftags&post=8324"}],"curies":[{"name":"wp","href":"https:\/\/api.w.org\/{rel}","templated":true}]}}