{"id":8601,"date":"2023-10-06T07:45:08","date_gmt":"2023-10-06T06:45:08","guid":{"rendered":"https:\/\/ssskskola.edu.ba\/?p=8601"},"modified":"2023-10-06T07:51:57","modified_gmt":"2023-10-06T06:51:57","slug":"seeking-justice-from-nuremberg-to-the-hague","status":"publish","type":"post","link":"https:\/\/ssskskola.edu.ba\/?p=8601","title":{"rendered":"\u201cSeeking justice: from Nuremberg to The Hague\u201d"},"content":{"rendered":"<div class=\"wp-block-image\">\n<figure class=\"aligncenter size-large\"><img fetchpriority=\"high\" decoding=\"async\" width=\"1024\" height=\"577\" src=\"https:\/\/ssskskola.edu.ba\/wp-content\/uploads\/2023\/10\/IMG-b27a1f7ce956b56203eef6140d03f65f-V-1024x577.jpg\" alt=\"\" class=\"wp-image-8602\" srcset=\"https:\/\/ssskskola.edu.ba\/wp-content\/uploads\/2023\/10\/IMG-b27a1f7ce956b56203eef6140d03f65f-V-1024x577.jpg 1024w, https:\/\/ssskskola.edu.ba\/wp-content\/uploads\/2023\/10\/IMG-b27a1f7ce956b56203eef6140d03f65f-V-300x169.jpg 300w, https:\/\/ssskskola.edu.ba\/wp-content\/uploads\/2023\/10\/IMG-b27a1f7ce956b56203eef6140d03f65f-V-768x432.jpg 768w, https:\/\/ssskskola.edu.ba\/wp-content\/uploads\/2023\/10\/IMG-b27a1f7ce956b56203eef6140d03f65f-V-1536x865.jpg 1536w, https:\/\/ssskskola.edu.ba\/wp-content\/uploads\/2023\/10\/IMG-b27a1f7ce956b56203eef6140d03f65f-V.jpg 1600w\" sizes=\"(max-width: 1024px) 100vw, 1024px\" \/><\/figure>\n<\/div>\n\n\n<p>U periodu od 01. &#8211; 03.10.2023. godine Srednja \u0161kola za saobra\u0107aj i komunikacije Sarajevo je u\u010destvovala na me\u0111unarodnoj radionici pod nazivom \u201cSeeking justice: from Nuremberg to The Hague\u201d, koju je predstavljao profesor Igor Smiljani\u0107.<\/p>\n\n\n\n<p>Ova radionica je imala za cilj podsticanje saradnje me\u0111u zemljama koje su iskusile ratna razaranja, ali i pribli\u017eavanje me\u0111unarodnog krivi\u010dnog prava i pravde (koncepti i konkretni mehanizmi) edukatorima iz cijele Evrope. Tokom ova dva radna dana nastavnici\/ce iz Bosne i Hercegovine, Hrvatske, Srbije ali i iz Amerike i Nizozemske su imali priliku da iz prve ruke saznaju o historiji i evoluciji me\u0111unarodnog krivi\u010dnog prava, Me\u0111unarodnog krivi\u010dnog suda i Me\u0111unarodnog krivi\u010dnog suda za biv\u0161u Jugoslaviju.<\/p>\n\n\n\n<p>Doma\u0107ini iz&nbsp;<a href=\"https:\/\/www.facebook.com\/groups\/euroclio\/?__cft__[0]=AZVy0OPg95isRZg-61ON5Mr-yHR_GfG9R3kC0DWeEEEuGCk9jM-X5fiv-A_cvtitAiDOD7dfwpx0sounzzpkWf-P2vhrJIvQVYeB1Y86jD-JfknHqVT60m_0pHPqwt4srfXtdQrj_oB5aWNijBqX39DAuPbNBNvvL6oGvmXVfDqxzw&amp;__tn__=-UK-R\" target=\"_blank\" rel=\"noreferrer noopener\">EuroClio &#8211; European Association of History Educators<\/a>&nbsp;su nastavnike\/ce upoznali i sa projektom \u201eJustNow \u2013 koji se bavi nastavnim alatima i materijalima za obuku o za\u0161titi ljudskih prava i me\u0111unarodnog humanitarnog prava.<\/p>\n\n\n\n<p>Istra\u017eivanje metodologije kori\u0161tenja usmene istorije i svjedo\u010denja svjedoka u nastavi; obrazovne i vremenske karte o temama vezanim za ljudska prava; unapre\u0111enje vje\u0161tina kriti\u010dkog mi\u0161ljenja u\u010denika kroz deliberativne i participativne metodologije usmjerene na razbijanje slo\u017eenih tema na pristupa\u010dan na\u010din; upravljanje u\u010dionicom i emocijama u\u010denika kada se raspravlja o te\u0161kim temama kako se ne bi obeshrabrilo, nagla\u0161avaju\u0107i umjesto toga va\u017enost i mo\u0107 individualnog izbora i sposobnosti odgovora kada se suo\u010di sa (eti\u010dkim) dilemama i pitanjima od globalnog zna\u010daja.<\/p>\n\n\n\n<p>Sve ovo naravno ne bi bilo mogu\u0107e bez organizacije\u00a0<a rel=\"noreferrer noopener\" href=\"https:\/\/www.facebook.com\/Muzej-ratnog-djetinjstva-179111406131760\/?__cft__[0]=AZVy0OPg95isRZg-61ON5Mr-yHR_GfG9R3kC0DWeEEEuGCk9jM-X5fiv-A_cvtitAiDOD7dfwpx0sounzzpkWf-P2vhrJIvQVYeB1Y86jD-JfknHqVT60m_0pHPqwt4srfXtdQrj_oB5aWNijBqX39DAuPbNBNvvL6oGvmXVfDqxzw&amp;__tn__=kK-R\" target=\"_blank\">Muzej ratnog djetinjstva<\/a>\u00a0koji su bili organizatori, ali i podr\u0161ke Ministarstva za odgoj i obrazovanje KS &#8211;\u00a0<a rel=\"noreferrer noopener\" href=\"https:\/\/www.facebook.com\/hashtag\/mooks?__eep__=6&amp;__cft__[0]=AZVy0OPg95isRZg-61ON5Mr-yHR_GfG9R3kC0DWeEEEuGCk9jM-X5fiv-A_cvtitAiDOD7dfwpx0sounzzpkWf-P2vhrJIvQVYeB1Y86jD-JfknHqVT60m_0pHPqwt4srfXtdQrj_oB5aWNijBqX39DAuPbNBNvvL6oGvmXVfDqxzw&amp;__tn__=*NK-R\" target=\"_blank\">#mooks<\/a>,\u00a0<a rel=\"noreferrer noopener\" href=\"https:\/\/www.facebook.com\/profile.php?id=100085009922739&amp;__cft__[0]=AZVy0OPg95isRZg-61ON5Mr-yHR_GfG9R3kC0DWeEEEuGCk9jM-X5fiv-A_cvtitAiDOD7dfwpx0sounzzpkWf-P2vhrJIvQVYeB1Y86jD-JfknHqVT60m_0pHPqwt4srfXtdQrj_oB5aWNijBqX39DAuPbNBNvvL6oGvmXVfDqxzw&amp;__tn__=-]K-R\" target=\"_blank\">Institut za razvoj preduniverzitetskog obrazovanja Kantona Sarajevo<\/a>,\u00a0<a rel=\"noreferrer noopener\" href=\"https:\/\/www.facebook.com\/profile.php?id=100082225122752&amp;__cft__[0]=AZVy0OPg95isRZg-61ON5Mr-yHR_GfG9R3kC0DWeEEEuGCk9jM-X5fiv-A_cvtitAiDOD7dfwpx0sounzzpkWf-P2vhrJIvQVYeB1Y86jD-JfknHqVT60m_0pHPqwt4srfXtdQrj_oB5aWNijBqX39DAuPbNBNvvL6oGvmXVfDqxzw&amp;__tn__=-]K-R\" target=\"_blank\">Srednja Medicinska \u0160kola Sarajevo<\/a>\u00a0kojima se ovim putem zahvaljujemo.<\/p>\n\n\n<p><iframe src=\"https:\/\/www.facebook.com\/plugins\/post.php?href=https%3A%2F%2Fwww.facebook.com%2Fssskskolasarajevo%2Fposts%2Fpfbid02BJHMi4fZRRZasAbLfyR9FuDbF5a3JmEd3P2w8AafUMLsjw5744huGM2j1SeE76hpl&#038;show_text=true&#038;width=500\" width=\"500\" height=\"787\" style=\"border:none;overflow:hidden\" scrolling=\"no\" frameborder=\"0\" allowfullscreen=\"true\" allow=\"autoplay; clipboard-write; encrypted-media; picture-in-picture; web-share\"><\/iframe><\/p>\n","protected":false},"excerpt":{"rendered":"<p>U periodu od 01. &#8211; 03.10.2023. godine Srednja \u0161kola za saobra\u0107aj i komunikacije Sarajevo je u\u010destvovala na me\u0111unarodnoj radionici pod nazivom \u201cSeeking justice: from Nuremberg to The Hague\u201d, koju je predstavljao profesor Igor Smiljani\u0107.&#46;&#46;&#46;<\/p>\n","protected":false},"author":1,"featured_media":8602,"comment_status":"closed","ping_status":"closed","sticky":false,"template":"","format":"standard","meta":{"_jetpack_memberships_contains_paid_content":false,"footnotes":"","jetpack_publicize_message":"","jetpack_publicize_feature_enabled":true,"jetpack_social_post_already_shared":true,"jetpack_social_options":{"image_generator_settings":{"template":"highway","default_image_id":0,"font":"","enabled":false},"version":2}},"categories":[2,274,1],"tags":[505,506,507],"class_list":["post-8601","post","type-post","status-publish","format-standard","has-post-thumbnail","hentry","category-aktualnosti","category-izleti-i-posjete","category-uncategorized","tag-hague","tag-nuremberg","tag-seeking-justice"],"jetpack_publicize_connections":[],"jetpack_featured_media_url":"https:\/\/ssskskola.edu.ba\/wp-content\/uploads\/2023\/10\/IMG-b27a1f7ce956b56203eef6140d03f65f-V.jpg","jetpack_sharing_enabled":true,"_links":{"self":[{"href":"https:\/\/ssskskola.edu.ba\/index.php?rest_route=\/wp\/v2\/posts\/8601","targetHints":{"allow":["GET"]}}],"collection":[{"href":"https:\/\/ssskskola.edu.ba\/index.php?rest_route=\/wp\/v2\/posts"}],"about":[{"href":"https:\/\/ssskskola.edu.ba\/index.php?rest_route=\/wp\/v2\/types\/post"}],"author":[{"embeddable":true,"href":"https:\/\/ssskskola.edu.ba\/index.php?rest_route=\/wp\/v2\/users\/1"}],"replies":[{"embeddable":true,"href":"https:\/\/ssskskola.edu.ba\/index.php?rest_route=%2Fwp%2Fv2%2Fcomments&post=8601"}],"version-history":[{"count":2,"href":"https:\/\/ssskskola.edu.ba\/index.php?rest_route=\/wp\/v2\/posts\/8601\/revisions"}],"predecessor-version":[{"id":8604,"href":"https:\/\/ssskskola.edu.ba\/index.php?rest_route=\/wp\/v2\/posts\/8601\/revisions\/8604"}],"wp:featuredmedia":[{"embeddable":true,"href":"https:\/\/ssskskola.edu.ba\/index.php?rest_route=\/wp\/v2\/media\/8602"}],"wp:attachment":[{"href":"https:\/\/ssskskola.edu.ba\/index.php?rest_route=%2Fwp%2Fv2%2Fmedia&parent=8601"}],"wp:term":[{"taxonomy":"category","embeddable":true,"href":"https:\/\/ssskskola.edu.ba\/index.php?rest_route=%2Fwp%2Fv2%2Fcategories&post=8601"},{"taxonomy":"post_tag","embeddable":true,"href":"https:\/\/ssskskola.edu.ba\/index.php?rest_route=%2Fwp%2Fv2%2Ftags&post=8601"}],"curies":[{"name":"wp","href":"https:\/\/api.w.org\/{rel}","templated":true}]}}