{"id":8778,"date":"2023-12-11T09:51:33","date_gmt":"2023-12-11T08:51:33","guid":{"rendered":"https:\/\/ssskskola.edu.ba\/?p=8778"},"modified":"2023-12-11T09:51:34","modified_gmt":"2023-12-11T08:51:34","slug":"sinergija-strucnog-obrazovanja-i-privrede-u-provodenju-prakticnog-dijela-nastave-za-nova-zanimanja","status":"publish","type":"post","link":"https:\/\/ssskskola.edu.ba\/?p=8778","title":{"rendered":"Sinergija stru\u010dnog obrazovanja i privrede u provo\u0111enju prakti\u010dnog dijela nastave za nova zanimanja"},"content":{"rendered":"<div class=\"wp-block-image\">\n<figure class=\"aligncenter size-large\"><img decoding=\"async\" src=\"https:\/\/pksa.ba\/wp-content\/uploads\/2023\/12\/Okrugli-sto-PKKS-gl.jpg\" alt=\"\"\/><figcaption class=\"wp-element-caption\">photo by <a href=\"https:\/\/pksa.ba\/wp-content\/uploads\/2023\/12\/Okrugli-sto-PKKS-gl.jpg\">pksa.ba<\/a><\/figcaption><\/figure>\n<\/div>\n\n\n<p>Sinergija stru\u010dnog obrazovanja i privrede u provo\u0111enju prakti\u010dnog dijela nastave za nova zanimanja bila je tema okruglog stola odr\u017eanog 07.12.2023. godine u organizaciji Privredne komore Kantona Sarajevo. Ovo je bio jo\u0161 jedan od doga\u0111aja koji je organiziran u okviru programa Inicijativa privatnog sektora za mlade \/ Private Sector Youth Initiative (PSYI) u BiH, kroz fazu dva za Kanton Sarajevo, kojeg realizira Privredna komora Kantona Sarajevo u saradnji sa Evropskom bankom za obnovu i razvoj i TaiwanBusiness \u2013 EBRD Fondom za tehni\u010dku saradnju.<br>Okrugli sto u Komori okupio je predstavnike poslovnog sektora i srednjih stru\u010dnih \u0161kola, te predstavnike nadle\u017enih instutucija, kako bi kroz dijalog razmotrili na\u010dine budu\u0107eg djelovanja u pravcu unapre\u0111enja procesa provo\u0111enja prakti\u010dnog dijela nastave kod poslodavaca. Istaknuto je da je neophodno kontinuirano sagledavati potrebe tr\u017ei\u0161ta rada i predlagati uvo\u0111enje novih zanimanja za srednje stru\u010dno obrazovanje i obuku, te inovirati postoje\u0107a.<br>Predsjednik Privredne komore Kantona Sarajevo Muamer Mahmutovi\u0107 je u svom obra\u0107anju istakao da je poslovni sektor u Kantonu Sarajevo spreman da intenzivira saradnju sa stru\u010dnim obrazovanjem kako bi se obavljanje prakti\u010dnog dijela nastave u firmama podigao na ve\u0107i nivo, o\u010dekuju\u0107i da \u0107e se ova oblast bolje urediti najavljenim uvo\u0111enjem Zakona o dualnom obrazovanju u Kantonu Sarajevo. Napomenuo je da je Komora pripremaju\u0107i se za novu zakonsku regulativu ispunila uvjete za realizaciju Programa usavr\u0161avanja za mentora kod poslovnog subjekta i da je ovaj program neformalnog obrazovanja odraslih upisan u Registar Programa obrazovanja odraslih kojeg vodi Ministarstvo za odgoj i obrazovanje Kantona Sarajevo.<br>U prezentacijskom dijelu profesor Mehmed Bubi\u0107 iz Srednje \u0161kole za saobra\u0107aj i komunikacije, koja uskoro ispra\u0107a prvu generaciju u\u010denika sa ste\u010denim zanimanjem za automehatroni\u010dara, kazao je da su u ovoj \u0161koli otvoreni za kreiranje i provo\u0111enje nastavnih planova za nova zanimanja, ali da im je u tome potrebna zna\u010dajna podr\u0161ka kako resornog ministarstva, tako i poslovnog sektora.<br>Govore\u0107i o izmjenama nastavnih planova i programa u srednjem stru\u010dnom obrazovanju Lejla Halki\u0107, vi\u0161a saradnica iz Instituta za razvoj preduniverzitetskog obrazovanja Kantona Sarajevo istakla je kako je, pored ostalog, u nastavne sadr\u017eaje potrebno \u0161to vi\u0161e uklju\u010diti i digitalne sadr\u017eaje, kako bi nastava bila interesantna u\u010denicima, a oni sami stekli \u0161to bolja znanja. Kazala je da je potrebno kroz saradnju sa privredom raditi na kreiranju novih nastavnih planova i programa, sa definisanim ishodima u\u010denja i harmonizaciji postoje\u0107ih.<\/p>\n\n\n\n<p>\u010clanak preuzet sa stranice <a href=\"https:\/\/pksa.ba\/sinergija-strucnog-obrazovanja-i-privrede-u-provodjenju-prakticnog-dijela-nastave-za-nova-zanimanja\/\">pksa.ba<\/a><\/p>\n","protected":false},"excerpt":{"rendered":"<p>Sinergija stru\u010dnog obrazovanja i privrede u provo\u0111enju prakti\u010dnog dijela nastave za nova zanimanja bila je tema okruglog stola odr\u017eanog 07.12.2023. godine u organizaciji Privredne komore Kantona Sarajevo. Ovo je bio jo\u0161 jedan od doga\u0111aja&#46;&#46;&#46;<\/p>\n","protected":false},"author":1,"featured_media":8779,"comment_status":"closed","ping_status":"closed","sticky":false,"template":"","format":"standard","meta":{"_jetpack_memberships_contains_paid_content":false,"footnotes":"","jetpack_publicize_message":"","jetpack_publicize_feature_enabled":true,"jetpack_social_post_already_shared":true,"jetpack_social_options":{"image_generator_settings":{"template":"highway","default_image_id":0,"font":"","enabled":false},"version":2}},"categories":[2,1],"tags":[],"class_list":["post-8778","post","type-post","status-publish","format-standard","has-post-thumbnail","hentry","category-aktualnosti","category-uncategorized"],"jetpack_publicize_connections":[],"jetpack_featured_media_url":"https:\/\/ssskskola.edu.ba\/wp-content\/uploads\/2023\/12\/Okrugli-sto-PKKS-gl.jpg","jetpack_sharing_enabled":true,"_links":{"self":[{"href":"https:\/\/ssskskola.edu.ba\/index.php?rest_route=\/wp\/v2\/posts\/8778","targetHints":{"allow":["GET"]}}],"collection":[{"href":"https:\/\/ssskskola.edu.ba\/index.php?rest_route=\/wp\/v2\/posts"}],"about":[{"href":"https:\/\/ssskskola.edu.ba\/index.php?rest_route=\/wp\/v2\/types\/post"}],"author":[{"embeddable":true,"href":"https:\/\/ssskskola.edu.ba\/index.php?rest_route=\/wp\/v2\/users\/1"}],"replies":[{"embeddable":true,"href":"https:\/\/ssskskola.edu.ba\/index.php?rest_route=%2Fwp%2Fv2%2Fcomments&post=8778"}],"version-history":[{"count":1,"href":"https:\/\/ssskskola.edu.ba\/index.php?rest_route=\/wp\/v2\/posts\/8778\/revisions"}],"predecessor-version":[{"id":8780,"href":"https:\/\/ssskskola.edu.ba\/index.php?rest_route=\/wp\/v2\/posts\/8778\/revisions\/8780"}],"wp:featuredmedia":[{"embeddable":true,"href":"https:\/\/ssskskola.edu.ba\/index.php?rest_route=\/wp\/v2\/media\/8779"}],"wp:attachment":[{"href":"https:\/\/ssskskola.edu.ba\/index.php?rest_route=%2Fwp%2Fv2%2Fmedia&parent=8778"}],"wp:term":[{"taxonomy":"category","embeddable":true,"href":"https:\/\/ssskskola.edu.ba\/index.php?rest_route=%2Fwp%2Fv2%2Fcategories&post=8778"},{"taxonomy":"post_tag","embeddable":true,"href":"https:\/\/ssskskola.edu.ba\/index.php?rest_route=%2Fwp%2Fv2%2Ftags&post=8778"}],"curies":[{"name":"wp","href":"https:\/\/api.w.org\/{rel}","templated":true}]}}