{"id":9053,"date":"2024-04-02T12:35:18","date_gmt":"2024-04-02T11:35:18","guid":{"rendered":"https:\/\/ssskskola.edu.ba\/?p=9053"},"modified":"2024-04-02T12:35:19","modified_gmt":"2024-04-02T11:35:19","slug":"svjetski-dan-svjesnosti-o-autizmu","status":"publish","type":"post","link":"https:\/\/ssskskola.edu.ba\/?p=9053","title":{"rendered":"Svjetski dan svjesnosti o autizmu"},"content":{"rendered":"<div class=\"wp-block-image\">\n<figure class=\"aligncenter size-full\"><img fetchpriority=\"high\" decoding=\"async\" width=\"434\" height=\"599\" src=\"https:\/\/ssskskola.edu.ba\/wp-content\/uploads\/2024\/04\/420309370_815936513888807_217307538894831357_n.jpg\" alt=\"\" class=\"wp-image-9054\" srcset=\"https:\/\/ssskskola.edu.ba\/wp-content\/uploads\/2024\/04\/420309370_815936513888807_217307538894831357_n.jpg 434w, https:\/\/ssskskola.edu.ba\/wp-content\/uploads\/2024\/04\/420309370_815936513888807_217307538894831357_n-217x300.jpg 217w\" sizes=\"(max-width: 434px) 100vw, 434px\" \/><\/figure>\n<\/div>\n\n\n<p>To je dan kada se javnost upozorava na sve pote\u0161ko\u0107e sa kojima se susre\u0107u osobe sa autizmom i njihove porodice.\u00a0 Autizam uti\u010de na sposobnost komunikacije i socijalne interakcije. Poka\u017eimo solidarnost, odbacimo predrasude i pru\u017eimo im ruku podr\u0161ke. Mogu nam biti prijatelji i zajedno mo\u017eemo sve posti\u0107i.<\/p>\n","protected":false},"excerpt":{"rendered":"<p>To je dan kada se javnost upozorava na sve pote\u0161ko\u0107e sa kojima se susre\u0107u osobe sa autizmom i njihove porodice.\u00a0 Autizam uti\u010de na sposobnost komunikacije i socijalne interakcije. Poka\u017eimo solidarnost, odbacimo predrasude i pru\u017eimo&#46;&#46;&#46;<\/p>\n","protected":false},"author":1,"featured_media":9054,"comment_status":"closed","ping_status":"closed","sticky":false,"template":"","format":"standard","meta":{"_jetpack_memberships_contains_paid_content":false,"footnotes":"","jetpack_publicize_message":"","jetpack_publicize_feature_enabled":true,"jetpack_social_post_already_shared":true,"jetpack_social_options":{"image_generator_settings":{"template":"highway","default_image_id":0,"font":"","enabled":false},"version":2}},"categories":[2,1],"tags":[522],"class_list":["post-9053","post","type-post","status-publish","format-standard","has-post-thumbnail","hentry","category-aktualnosti","category-uncategorized","tag-svjetski-dan-svjesnosti-o-autizmu"],"jetpack_publicize_connections":[],"jetpack_featured_media_url":"https:\/\/ssskskola.edu.ba\/wp-content\/uploads\/2024\/04\/420309370_815936513888807_217307538894831357_n.jpg","jetpack_sharing_enabled":true,"_links":{"self":[{"href":"https:\/\/ssskskola.edu.ba\/index.php?rest_route=\/wp\/v2\/posts\/9053","targetHints":{"allow":["GET"]}}],"collection":[{"href":"https:\/\/ssskskola.edu.ba\/index.php?rest_route=\/wp\/v2\/posts"}],"about":[{"href":"https:\/\/ssskskola.edu.ba\/index.php?rest_route=\/wp\/v2\/types\/post"}],"author":[{"embeddable":true,"href":"https:\/\/ssskskola.edu.ba\/index.php?rest_route=\/wp\/v2\/users\/1"}],"replies":[{"embeddable":true,"href":"https:\/\/ssskskola.edu.ba\/index.php?rest_route=%2Fwp%2Fv2%2Fcomments&post=9053"}],"version-history":[{"count":1,"href":"https:\/\/ssskskola.edu.ba\/index.php?rest_route=\/wp\/v2\/posts\/9053\/revisions"}],"predecessor-version":[{"id":9055,"href":"https:\/\/ssskskola.edu.ba\/index.php?rest_route=\/wp\/v2\/posts\/9053\/revisions\/9055"}],"wp:featuredmedia":[{"embeddable":true,"href":"https:\/\/ssskskola.edu.ba\/index.php?rest_route=\/wp\/v2\/media\/9054"}],"wp:attachment":[{"href":"https:\/\/ssskskola.edu.ba\/index.php?rest_route=%2Fwp%2Fv2%2Fmedia&parent=9053"}],"wp:term":[{"taxonomy":"category","embeddable":true,"href":"https:\/\/ssskskola.edu.ba\/index.php?rest_route=%2Fwp%2Fv2%2Fcategories&post=9053"},{"taxonomy":"post_tag","embeddable":true,"href":"https:\/\/ssskskola.edu.ba\/index.php?rest_route=%2Fwp%2Fv2%2Ftags&post=9053"}],"curies":[{"name":"wp","href":"https:\/\/api.w.org\/{rel}","templated":true}]}}